{"id":4045,"date":"2021-02-19T13:18:51","date_gmt":"2021-02-19T12:18:51","guid":{"rendered":"https:\/\/agora.xtec.cat\/ceipvistaalegre\/?p=4045"},"modified":"2021-02-20T08:56:56","modified_gmt":"2021-02-20T07:56:56","slug":"nou-web-per-la-preinscripcio","status":"publish","type":"post","link":"https:\/\/agora.xtec.cat\/ceipvistaalegre\/preinscripcio-i-matricula-23-24\/nou-web-per-la-preinscripcio\/","title":{"rendered":"Nou web per la preinscripci\u00f3"},"content":{"rendered":"<p>El Departament d&#8217;Educaci\u00f3 ha posat en marxa el nou web <strong><a href=\"https:\/\/preinscripcio.gencat.cat\/ca\/inici\/\" target=\"_blank\" rel=\"noopener noreferrer\" data-saferedirecturl=\"https:\/\/www.google.com\/url?q=https:\/\/preinscripcio.gencat.cat\/ca\/inici\/&amp;source=gmail&amp;ust=1613822531558000&amp;usg=AFQjCNEiqxn4be2-6_fbkbc8kihqvlLelw\">preinscripcio.gencat.cat<\/a><\/strong>, que neix de la voluntat d\u2019acompanyar millor les fam\u00edlies durant el proc\u00e9s de preinscripci\u00f3 2021-2022 als ensenyaments obligatoris. Aquest nou portal tem\u00e0tic permetr\u00e0 donar suport en la tramitaci\u00f3 telem\u00e0tica de la preinscripci\u00f3.<\/p>\n<p>El nou web es pot consultar des de qualsevol dispositiu m\u00f2bil. Aquest portal inclou un ampli centre de suport per a cadascun dels estudis. En aquest espai es poden trobar podcasts, v\u00eddeos, un glossari i tamb\u00e9 un ampli apartat de preguntes m\u00e9s freq\u00fcents, on es dona resposta als dubtes que es plantegen les fam\u00edlies m\u00e9s sovint a l\u2019hora de formalitzar la preinscripci\u00f3 dels seus fills i filles.<\/p>\n<p>A m\u00e9s, incorpora al men\u00fa superior un bot\u00f3 de traducci\u00f3 autom\u00e0tica, que permet navegar per tot el web en catal\u00e0, castell\u00e0, occit\u00e0-aran\u00e8s, angl\u00e8s, franc\u00e8s, itali\u00e0, portugu\u00e8s i alemany.<\/p>\n<p>Us deixem els enlla\u00e7os directes a:<\/p>\n<p>Educaci\u00f3 Infantil (3-6 anys)<\/p>\n<p><a href=\"https:\/\/preinscripcio.gencat.cat\/ca\/estudis\/infantil-3-6\/inici\/\">https:\/\/preinscripcio.gencat.cat\/ca\/estudis\/infantil-3-6\/inici\/<\/a><\/p>\n<p>Educaci\u00f3 Prim\u00e0ria (6-12 anys)<\/p>\n<p><a href=\"https:\/\/preinscripcio.gencat.cat\/ca\/estudis\/primaria\/inici\/\">https:\/\/preinscripcio.gencat.cat\/ca\/estudis\/primaria\/inici\/<\/a><\/p>\n<div><\/div>\n<div><a href=\"https:\/\/agora.xtec.cat\/ceipvistaalegre\/wp-content\/uploads\/usu1936\/2021\/02\/business-college-composition-desk-419635-2.jpg\"><img loading=\"lazy\" decoding=\"async\" class=\"wp-image-4046 aligncenter\" src=\"https:\/\/agora.xtec.cat\/ceipvistaalegre\/wp-content\/uploads\/usu1936\/2021\/02\/business-college-composition-desk-419635-2.jpg\" alt=\"\" width=\"258\" height=\"229\" \/><\/a><\/div>\n","protected":false},"excerpt":{"rendered":"<p>El Departament d&#8217;Educaci\u00f3 ha posat en marxa el nou web <a href=\"https:\/\/preinscripcio.gencat.cat\/ca\/inici\/\" target=\"_blank\" rel=\"noopener noreferrer\" data-saferedirecturl=\"https:\/\/www.google.com\/url?q=https:\/\/preinscripcio.gencat.cat\/ca\/inici\/&amp;source=gmail&amp;ust=1613822531558000&amp;usg=AFQjCNEiqxn4be2-6_fbkbc8kihqvlLelw\">preinscripcio.gencat.cat<\/a>, que neix de la voluntat d\u2019acompanyar millor les fam\u00edlies durant el proc\u00e9s de preinscripci\u00f3 2021-2022 als ensenyaments obligatoris. Aquest nou portal tem\u00e0tic permetr\u00e0 donar suport en la tramitaci\u00f3 telem\u00e0tica&hellip;  <a href=\"https:\/\/agora.xtec.cat\/ceipvistaalegre\/preinscripcio-i-matricula-23-24\/nou-web-per-la-preinscripcio\/\" title=\"Read Nou web per la preinscripci\u00f3\">Llegeix m\u00e9s\u00bb<\/a><\/p>\n","protected":false},"author":3,"featured_media":0,"comment_status":"open","ping_status":"closed","sticky":false,"template":"","format":"standard","meta":{"_bbp_topic_count":0,"_bbp_reply_count":0,"_bbp_total_topic_count":0,"_bbp_total_reply_count":0,"_bbp_voice_count":0,"_bbp_anonymous_reply_count":0,"_bbp_topic_count_hidden":0,"_bbp_reply_count_hidden":0,"_bbp_forum_subforum_count":0,"footnotes":""},"categories":[179],"tags":[],"class_list":["post-4045","post","type-post","status-publish","format-standard","hentry","category-preinscripcio-i-matricula-23-24"],"post_mailing_queue_ids":[],"_links":{"self":[{"href":"https:\/\/agora.xtec.cat\/ceipvistaalegre\/wp-json\/wp\/v2\/posts\/4045","targetHints":{"allow":["GET"]}}],"collection":[{"href":"https:\/\/agora.xtec.cat\/ceipvistaalegre\/wp-json\/wp\/v2\/posts"}],"about":[{"href":"https:\/\/agora.xtec.cat\/ceipvistaalegre\/wp-json\/wp\/v2\/types\/post"}],"author":[{"embeddable":true,"href":"https:\/\/agora.xtec.cat\/ceipvistaalegre\/wp-json\/wp\/v2\/users\/3"}],"replies":[{"embeddable":true,"href":"https:\/\/agora.xtec.cat\/ceipvistaalegre\/wp-json\/wp\/v2\/comments?post=4045"}],"version-history":[{"count":3,"href":"https:\/\/agora.xtec.cat\/ceipvistaalegre\/wp-json\/wp\/v2\/posts\/4045\/revisions"}],"predecessor-version":[{"id":4052,"href":"https:\/\/agora.xtec.cat\/ceipvistaalegre\/wp-json\/wp\/v2\/posts\/4045\/revisions\/4052"}],"wp:attachment":[{"href":"https:\/\/agora.xtec.cat\/ceipvistaalegre\/wp-json\/wp\/v2\/media?parent=4045"}],"wp:term":[{"taxonomy":"category","embeddable":true,"href":"https:\/\/agora.xtec.cat\/ceipvistaalegre\/wp-json\/wp\/v2\/categories?post=4045"},{"taxonomy":"post_tag","embeddable":true,"href":"https:\/\/agora.xtec.cat\/ceipvistaalegre\/wp-json\/wp\/v2\/tags?post=4045"}],"curies":[{"name":"wp","href":"https:\/\/api.w.org\/{rel}","templated":true}]}}