{"id":4009,"date":"2021-02-11T11:20:28","date_gmt":"2021-02-11T10:20:28","guid":{"rendered":"https:\/\/agora.xtec.cat\/ceipvistaalegre\/?p=4009"},"modified":"2021-02-20T08:57:31","modified_gmt":"2021-02-20T07:57:31","slug":"consells-per-triar-escola","status":"publish","type":"post","link":"https:\/\/agora.xtec.cat\/ceipvistaalegre\/general\/consells-per-triar-escola\/","title":{"rendered":"Consells per triar escola"},"content":{"rendered":"<h3 style=\"text-align: center;\"><b>HORA D&#8217;ESCOLLIR ESCOLA<\/b><\/h3>\n<h3 style=\"text-align: center;\"><b>Qu\u00e8 hem de <\/b><b>tenir en compte?<\/b><a href=\"https:\/\/agora.xtec.cat\/ceipvistaalegre\/wp-content\/uploads\/usu1936\/2021\/02\/IMG_20210211_092129.jpg\"><img loading=\"lazy\" decoding=\"async\" class=\"wp-image-4010 aligncenter\" src=\"https:\/\/agora.xtec.cat\/ceipvistaalegre\/wp-content\/uploads\/usu1936\/2021\/02\/IMG_20210211_092129-1024x776.jpg\" alt=\"\" width=\"301\" height=\"228\" \/><\/a><\/h3>\n<p>El per\u00edode de preinscripci\u00f3 al\u00a0centre d&#8217;educaci\u00f3 infantil, prim\u00e0ria i secund\u00e0ria \u00e9s a punt de comen\u00e7ar. Triar l&#8217;escola on estudiaran els fills \u00e9s una de les decisions importants que han de prendre les fam\u00edlies. Des de l&#8217;Escola Vista Alegre volem donar alguns consells que les fam\u00edlies que inicieu aquest proc\u00e9s heu de tenir en compte:<\/p>\n<ul style=\"list-style-type: circle;\">\n<li>\n<h4>Definir el tipus de centre desitjat<\/h4>\n<\/li>\n<\/ul>\n<p>El tipus de centre i d&#8217;educaci\u00f3 que es vol pels fills\/es \u00e9s un primer punt a valorar: busco un centre p\u00fablic, privat, concertat? Una escola religiosa, laica&#8230;? Quins s\u00f3n els requisits imprescindibles que ha de tenir la proposta educativa per a la fam\u00edlia? Projecte pedag\u00f2gic, programes, educaci\u00f3 en els espais de lleure (menjador, extraescolars&#8230;). Quines prioritats tenim respecte a les q\u00fcestions pr\u00e0ctiques: la proximitat a casa, la mida del centre, els equipaments&#8230;<\/p>\n<ul style=\"list-style-type: circle;\">\n<li>\n<h4>Identificar els centres candidats<\/h4>\n<\/li>\n<\/ul>\n<p>Un cop definit el tipus de centre ideal per a nosaltres, cal identificar els que compleixen aquests criteris. Aix\u00ed, crearem una llista dels centres candidats que permetr\u00e0 posar fil a l&#8217;agulla a la seg\u00fcent fase del proc\u00e9s, la recollida i el contrast de la informaci\u00f3.<\/p>\n<ul style=\"list-style-type: circle;\">\n<li>\n<h4>Recollir i contrastar la informaci\u00f3<\/h4>\n<\/li>\n<\/ul>\n<p>Disposar de la informaci\u00f3 del centre i establir-hi contacte resulta clau en el proc\u00e9s de tria. Les vies de coneixement s\u00f3n m\u00faltiples i complement\u00e0ries, per\u00f2 en destaquem tres:<\/p>\n<ol style=\"list-style-type: lower-alpha;\">\n<li>Internet i les xarxes socials. La p\u00e0gina web del centre recull el projecte pedag\u00f2gic. Hi podrem con\u00e8ixer la missi\u00f3, la visi\u00f3 i els valors del centre, i identificar-ne els trets diferencials.<\/li>\n<li>El contacte amb altres fam\u00edlies. Les fam\u00edlies que ja tenen fills i filles escolaritzats en el centre s\u00f3n una font de primera m\u00e0 per con\u00e8ixer el funcionament, el professorat i el projecte pedag\u00f2gic. La seva veu \u00e9s la veu de l&#8217;experi\u00e8ncia, una perspectiva valuosa tamb\u00e9.<\/li>\n<li>Jornades de portes obertes. Les portes obertes s\u00f3n un grau m\u00e9s en la profunditat del coneixement del centre. Sempre que es pugui, cal no desaprofitar l&#8217;ocasi\u00f3.<\/li>\n<\/ol>\n<ul style=\"list-style-type: circle;\">\n<li>\n<h4>Escollir el centre<\/h4>\n<\/li>\n<\/ul>\n<p>No tots els centres s\u00f3n iguals ni ofereixen el mateix. Cal trobar la millor opci\u00f3 per a cada persona, per a cada necessitat i per a cada moment i transici\u00f3. Amb tota la informaci\u00f3 recollida i analitzada, \u00e9s el moment de triar.<\/p>\n<p><span style=\"font-weight: 400;\">Arribats a aquest punt, caldr\u00e0 seguir el procediment i els terminis de preinscripci\u00f3 que ens doni el Departament d&#8217;Educaci\u00f3. Esperem que us hagi ajudat!<\/span><\/p>\n<p><a href=\"https:\/\/agora.xtec.cat\/ceipvistaalegre\/wp-content\/uploads\/usu1936\/2020\/06\/DRAC.jpg\"><img loading=\"lazy\" decoding=\"async\" class=\"wp-image-2820 aligncenter\" src=\"https:\/\/agora.xtec.cat\/ceipvistaalegre\/wp-content\/uploads\/usu1936\/2020\/06\/DRAC-1024x889.jpg\" alt=\"\" width=\"230\" height=\"200\" \/><\/a><\/p>\n","protected":false},"excerpt":{"rendered":"<p>HORA D&#8217;ESCOLLIR ESCOLA<br \/>\nQu\u00e8 hem de tenir en compte?<a href=\"https:\/\/agora.xtec.cat\/ceipvistaalegre\/wp-content\/uploads\/usu1936\/2021\/02\/IMG_20210211_092129.jpg\"><\/a><br \/>\nEl per\u00edode de preinscripci\u00f3 al\u00a0centre d&#8217;educaci\u00f3 infantil, prim\u00e0ria i secund\u00e0ria \u00e9s a punt de comen\u00e7ar. Triar l&#8217;escola on estudiaran els fills \u00e9s una de les decisions importants que han de prendre les fam\u00edlies. Des de l&#8217;Escola Vista&hellip;  <a href=\"https:\/\/agora.xtec.cat\/ceipvistaalegre\/general\/consells-per-triar-escola\/\" title=\"Read Consells per triar escola\">Llegeix m\u00e9s\u00bb<\/a><\/p>\n","protected":false},"author":3,"featured_media":0,"comment_status":"open","ping_status":"closed","sticky":false,"template":"","format":"standard","meta":{"_bbp_topic_count":0,"_bbp_reply_count":0,"_bbp_total_topic_count":0,"_bbp_total_reply_count":0,"_bbp_voice_count":0,"_bbp_anonymous_reply_count":0,"_bbp_topic_count_hidden":0,"_bbp_reply_count_hidden":0,"_bbp_forum_subforum_count":0,"footnotes":""},"categories":[1,179],"tags":[],"class_list":["post-4009","post","type-post","status-publish","format-standard","hentry","category-general","category-preinscripcio-i-matricula-23-24"],"post_mailing_queue_ids":[],"_links":{"self":[{"href":"https:\/\/agora.xtec.cat\/ceipvistaalegre\/wp-json\/wp\/v2\/posts\/4009","targetHints":{"allow":["GET"]}}],"collection":[{"href":"https:\/\/agora.xtec.cat\/ceipvistaalegre\/wp-json\/wp\/v2\/posts"}],"about":[{"href":"https:\/\/agora.xtec.cat\/ceipvistaalegre\/wp-json\/wp\/v2\/types\/post"}],"author":[{"embeddable":true,"href":"https:\/\/agora.xtec.cat\/ceipvistaalegre\/wp-json\/wp\/v2\/users\/3"}],"replies":[{"embeddable":true,"href":"https:\/\/agora.xtec.cat\/ceipvistaalegre\/wp-json\/wp\/v2\/comments?post=4009"}],"version-history":[{"count":3,"href":"https:\/\/agora.xtec.cat\/ceipvistaalegre\/wp-json\/wp\/v2\/posts\/4009\/revisions"}],"predecessor-version":[{"id":4053,"href":"https:\/\/agora.xtec.cat\/ceipvistaalegre\/wp-json\/wp\/v2\/posts\/4009\/revisions\/4053"}],"wp:attachment":[{"href":"https:\/\/agora.xtec.cat\/ceipvistaalegre\/wp-json\/wp\/v2\/media?parent=4009"}],"wp:term":[{"taxonomy":"category","embeddable":true,"href":"https:\/\/agora.xtec.cat\/ceipvistaalegre\/wp-json\/wp\/v2\/categories?post=4009"},{"taxonomy":"post_tag","embeddable":true,"href":"https:\/\/agora.xtec.cat\/ceipvistaalegre\/wp-json\/wp\/v2\/tags?post=4009"}],"curies":[{"name":"wp","href":"https:\/\/api.w.org\/{rel}","templated":true}]}}