{"id":3869,"date":"2021-02-08T13:37:40","date_gmt":"2021-02-08T12:37:40","guid":{"rendered":"https:\/\/agora.xtec.cat\/ceipvistaalegre\/?p=3869"},"modified":"2021-02-08T13:37:40","modified_gmt":"2021-02-08T12:37:40","slug":"tens-dubtes","status":"publish","type":"post","link":"https:\/\/agora.xtec.cat\/ceipvistaalegre\/preinscripcio-i-matricula-23-24\/tens-dubtes\/","title":{"rendered":"Tens dubtes?"},"content":{"rendered":"<h3 class=\"panel-heading\"><a class=\"\" href=\"http:\/\/educacio.gencat.cat\/ca\/actualitat\/escolasegura\/recursos\/pmf\/jornades-portes-obertes\/#distribuidora_3dfb3336-5984-11eb-a3c0-005056924a59_1\" data-toggle=\"collapse\" data-parent=\"#acordio_distribuidora_3dfb3336-5984-11eb-a3c0-005056924a59\">Aquest any els centres educatius poden organitzar jornades de portes obertes presencials per al proc\u00e9s de preinscripci\u00f3 escolar?<\/a><\/h3>\n<div id=\"distribuidora_3dfb3336-5984-11eb-a3c0-005056924a59_1\" class=\"panel-collapse collapse in\">\n<div class=\"panel-body\">\n<div class=\"basic_text_peq\">\n<p>S\u00ed, per al proc\u00e9s de preinscripci\u00f3 escolar i matr\u00edcula del curs 2021-2022, s&#8217;autoritza que els centres puguin organitzar visites presencials, tenint en compte diverses mesures preventives i d&#8217;organitzaci\u00f3: per fer les visites, cal demanar cita pr\u00e8via al centre educatiu.<\/p>\n<p>D&#8217;altra banda, aquestes visites tamb\u00e9 es poden complementar amb el material informatiu i gr\u00e0fic que els centres educatius tenen publicat al seu web.<\/p>\n<div class=\"panel-heading\">\n<h3 class=\"panel-title\"><a class=\"\" href=\"http:\/\/educacio.gencat.cat\/ca\/actualitat\/escolasegura\/recursos\/pmf\/jornades-portes-obertes\/#distribuidora_3dfb3336-5984-11eb-a3c0-005056924a59_2\" data-toggle=\"collapse\" data-parent=\"#acordio_distribuidora_3dfb3336-5984-11eb-a3c0-005056924a59\">Quines mesures organitzatives i de prevenci\u00f3 s&#8217;estableixen per a les jornades de portes obertes en els centres educatius?<\/a><\/h3>\n<\/div>\n<div id=\"distribuidora_3dfb3336-5984-11eb-a3c0-005056924a59_2\" class=\"panel-collapse collapse in\">\n<div class=\"panel-body\">\n<div class=\"basic_text_peq\">\n<p>Les mesures organitzatives i de prevenci\u00f3 s\u00f3n les seg\u00fcents:<\/p>\n<ul>\n<li>Cal demanar cita pr\u00e8via al centre educatiu.<\/li>\n<li>Els grups no poden superar les 10 persones, acompanyades com a m\u00e0xim per 3 persones del centre.<\/li>\n<li>Cal evitar la pres\u00e8ncia simult\u00e0nia de grups i, dins del grup, mantenir 1,5 metres de dist\u00e0ncia entre les persones que no formen part de la mateixa fam\u00edlia.<\/li>\n<li>En entrar al centre, cal prendre&#8217;s la temperatura i aplicar-se gel hidroalcoh\u00f2lic.<\/li>\n<li>Cal usar mascareta en tot moment.<\/li>\n<li>Es recomana no usar els lavabos si no \u00e9s imprescindible.<\/li>\n<li>El format de les visites ha de ser el d&#8217;una reuni\u00f3, que s&#8217;ha de fer preferentment a l&#8217;aire lliure: en cas de fer-se a l&#8217;interior, cal obrir les finestres de l&#8217;espai.<\/li>\n<li>No s&#8217;ha de lliurar cap documentaci\u00f3 en paper.<\/li>\n<\/ul>\n<p><a href=\"http:\/\/queestudiar.gencat.cat\/ca\/preinscripcio\/informacio-general-2021\">http:\/\/queestudiar.gencat.cat\/ca\/preinscripcio\/informacio-general-2021<\/a><\/p>\n<\/div>\n<\/div>\n<\/div>\n<\/div>\n<\/div>\n<\/div>\n","protected":false},"excerpt":{"rendered":"<p><a class=\"\" href=\"http:\/\/educacio.gencat.cat\/ca\/actualitat\/escolasegura\/recursos\/pmf\/jornades-portes-obertes\/#distribuidora_3dfb3336-5984-11eb-a3c0-005056924a59_1\" data-toggle=\"collapse\" data-parent=\"#acordio_distribuidora_3dfb3336-5984-11eb-a3c0-005056924a59\">Aquest any els centres educatius poden organitzar jornades de portes obertes presencials per al proc\u00e9s de preinscripci\u00f3 escolar?<\/a><\/p>\n<p>S\u00ed, per al proc\u00e9s de preinscripci\u00f3 escolar i matr\u00edcula del curs 2021-2022, s&#8217;autoritza que els centres puguin organitzar visites presencials, tenint en compte diverses&hellip;  <a href=\"https:\/\/agora.xtec.cat\/ceipvistaalegre\/preinscripcio-i-matricula-23-24\/tens-dubtes\/\" title=\"Read Tens dubtes?\">Llegeix m\u00e9s\u00bb<\/a><\/p>\n","protected":false},"author":3,"featured_media":0,"comment_status":"open","ping_status":"closed","sticky":false,"template":"","format":"standard","meta":{"_bbp_topic_count":0,"_bbp_reply_count":0,"_bbp_total_topic_count":0,"_bbp_total_reply_count":0,"_bbp_voice_count":0,"_bbp_anonymous_reply_count":0,"_bbp_topic_count_hidden":0,"_bbp_reply_count_hidden":0,"_bbp_forum_subforum_count":0,"footnotes":""},"categories":[179],"tags":[],"class_list":["post-3869","post","type-post","status-publish","format-standard","hentry","category-preinscripcio-i-matricula-23-24"],"post_mailing_queue_ids":[],"_links":{"self":[{"href":"https:\/\/agora.xtec.cat\/ceipvistaalegre\/wp-json\/wp\/v2\/posts\/3869","targetHints":{"allow":["GET"]}}],"collection":[{"href":"https:\/\/agora.xtec.cat\/ceipvistaalegre\/wp-json\/wp\/v2\/posts"}],"about":[{"href":"https:\/\/agora.xtec.cat\/ceipvistaalegre\/wp-json\/wp\/v2\/types\/post"}],"author":[{"embeddable":true,"href":"https:\/\/agora.xtec.cat\/ceipvistaalegre\/wp-json\/wp\/v2\/users\/3"}],"replies":[{"embeddable":true,"href":"https:\/\/agora.xtec.cat\/ceipvistaalegre\/wp-json\/wp\/v2\/comments?post=3869"}],"version-history":[{"count":1,"href":"https:\/\/agora.xtec.cat\/ceipvistaalegre\/wp-json\/wp\/v2\/posts\/3869\/revisions"}],"predecessor-version":[{"id":3870,"href":"https:\/\/agora.xtec.cat\/ceipvistaalegre\/wp-json\/wp\/v2\/posts\/3869\/revisions\/3870"}],"wp:attachment":[{"href":"https:\/\/agora.xtec.cat\/ceipvistaalegre\/wp-json\/wp\/v2\/media?parent=3869"}],"wp:term":[{"taxonomy":"category","embeddable":true,"href":"https:\/\/agora.xtec.cat\/ceipvistaalegre\/wp-json\/wp\/v2\/categories?post=3869"},{"taxonomy":"post_tag","embeddable":true,"href":"https:\/\/agora.xtec.cat\/ceipvistaalegre\/wp-json\/wp\/v2\/tags?post=3869"}],"curies":[{"name":"wp","href":"https:\/\/api.w.org\/{rel}","templated":true}]}}