{"id":3866,"date":"2021-02-08T11:39:49","date_gmt":"2021-02-08T10:39:49","guid":{"rendered":"https:\/\/agora.xtec.cat\/ceipvistaalegre\/?p=3866"},"modified":"2021-02-08T15:51:21","modified_gmt":"2021-02-08T14:51:21","slug":"formacio-de-families-en-lambit-educatiu","status":"publish","type":"post","link":"https:\/\/agora.xtec.cat\/ceipvistaalegre\/general\/formacio-de-families-en-lambit-educatiu\/","title":{"rendered":"Formaci\u00f3 de fam\u00edlies en l&#8217;\u00e0mbit educatiu"},"content":{"rendered":"<p><a href=\"https:\/\/agora.xtec.cat\/ceipvistaalegre\/wp-content\/uploads\/usu1936\/2021\/02\/formaci\u00f3-de-fam\u00edlies-en-l\u00e0mbit-educatiu.jpg\"><img loading=\"lazy\" decoding=\"async\" class=\" wp-image-3867 aligncenter\" src=\"https:\/\/agora.xtec.cat\/ceipvistaalegre\/wp-content\/uploads\/usu1936\/2021\/02\/formaci\u00f3-de-fam\u00edlies-en-l\u00e0mbit-educatiu-724x1024.jpg\" alt=\"\" width=\"448\" height=\"634\" \/><\/a><\/p>\n<p style=\"font-weight: 400;\">La Direcci\u00f3 d&#8217;Ensenyament de Matar\u00f3 ofereix la xerrada\/debat<strong> &#8220;Com gestionem els conflictes amb les nostres filles i fills adolescents en la situaci\u00f3 de pand\u00e8mia actual&#8221;,<\/strong> a c\u00e0rrec del Servei de Mediaci\u00f3 (Ajuntament de Matar\u00f3).<\/p>\n<p style=\"font-weight: 400;\">\u00c9s una activitat gratu\u00efta que tindr\u00e0 una durada aproximada d\u00b4una hora i mitja, i est\u00e0 destinada a fam\u00edlies de prim\u00e0ria de cicle superior (5\u00e8 i 6\u00e8) i fam\u00edlies de secund\u00e0ria.<\/p>\n<p style=\"font-weight: 400;\">El format de la xerrada es planteja com un espai de f\u00f2rum obert, on les fam\u00edlies puguin compartir els seus dubtes i inquietuds en relaci\u00f3 a la conviv\u00e8ncia i comunicaci\u00f3 familiar entorn dels quals girar\u00e0 la sessi\u00f3.<\/p>\n<p style=\"font-weight: 400;\"><strong>Cal inscripci\u00f3 pr\u00e8via\u00a0<\/strong>al seg\u00fcent <a href=\"https:\/\/docs.google.com\/forms\/d\/e\/1FAIpQLSdeyCjpkxcaW4K3wTsAmoMmA1JoZI-7YksdUOxaZBLdEowCAw\/viewform\">enlla\u00e7<\/a>\u00a0o enviant correu a\u00a0<strong><a href=\"mailto:ensenyament@ajmataro.cat\">ensenyament@ajmataro.cat<\/a><\/strong><\/p>\n","protected":false},"excerpt":{"rendered":"<p><a href=\"https:\/\/agora.xtec.cat\/ceipvistaalegre\/wp-content\/uploads\/usu1936\/2021\/02\/formaci\u00f3-de-fam\u00edlies-en-l\u00e0mbit-educatiu.jpg\"><\/a><br \/>\nLa Direcci\u00f3 d&#8217;Ensenyament de Matar\u00f3 ofereix la xerrada\/debat &#8220;Com gestionem els conflictes amb les nostres filles i fills adolescents en la situaci\u00f3 de pand\u00e8mia actual&#8221;, a c\u00e0rrec del Servei de Mediaci\u00f3 (Ajuntament de Matar\u00f3).<br \/>\n\u00c9s una activitat gratu\u00efta que tindr\u00e0 una durada aproximada d\u00b4una hora&hellip;  <a href=\"https:\/\/agora.xtec.cat\/ceipvistaalegre\/general\/formacio-de-families-en-lambit-educatiu\/\" title=\"Read Formaci\u00f3 de fam\u00edlies en l&#8217;\u00e0mbit educatiu\">Llegeix m\u00e9s\u00bb<\/a><\/p>\n","protected":false},"author":3,"featured_media":0,"comment_status":"open","ping_status":"closed","sticky":false,"template":"","format":"standard","meta":{"_bbp_topic_count":0,"_bbp_reply_count":0,"_bbp_total_topic_count":0,"_bbp_total_reply_count":0,"_bbp_voice_count":0,"_bbp_anonymous_reply_count":0,"_bbp_topic_count_hidden":0,"_bbp_reply_count_hidden":0,"_bbp_forum_subforum_count":0,"footnotes":""},"categories":[1,4],"tags":[],"class_list":["post-3866","post","type-post","status-publish","format-standard","hentry","category-general","category-portada"],"post_mailing_queue_ids":[],"_links":{"self":[{"href":"https:\/\/agora.xtec.cat\/ceipvistaalegre\/wp-json\/wp\/v2\/posts\/3866","targetHints":{"allow":["GET"]}}],"collection":[{"href":"https:\/\/agora.xtec.cat\/ceipvistaalegre\/wp-json\/wp\/v2\/posts"}],"about":[{"href":"https:\/\/agora.xtec.cat\/ceipvistaalegre\/wp-json\/wp\/v2\/types\/post"}],"author":[{"embeddable":true,"href":"https:\/\/agora.xtec.cat\/ceipvistaalegre\/wp-json\/wp\/v2\/users\/3"}],"replies":[{"embeddable":true,"href":"https:\/\/agora.xtec.cat\/ceipvistaalegre\/wp-json\/wp\/v2\/comments?post=3866"}],"version-history":[{"count":1,"href":"https:\/\/agora.xtec.cat\/ceipvistaalegre\/wp-json\/wp\/v2\/posts\/3866\/revisions"}],"predecessor-version":[{"id":3868,"href":"https:\/\/agora.xtec.cat\/ceipvistaalegre\/wp-json\/wp\/v2\/posts\/3866\/revisions\/3868"}],"wp:attachment":[{"href":"https:\/\/agora.xtec.cat\/ceipvistaalegre\/wp-json\/wp\/v2\/media?parent=3866"}],"wp:term":[{"taxonomy":"category","embeddable":true,"href":"https:\/\/agora.xtec.cat\/ceipvistaalegre\/wp-json\/wp\/v2\/categories?post=3866"},{"taxonomy":"post_tag","embeddable":true,"href":"https:\/\/agora.xtec.cat\/ceipvistaalegre\/wp-json\/wp\/v2\/tags?post=3866"}],"curies":[{"name":"wp","href":"https:\/\/api.w.org\/{rel}","templated":true}]}}