{"id":3858,"date":"2021-02-23T17:00:53","date_gmt":"2021-02-23T16:00:53","guid":{"rendered":"https:\/\/agora.xtec.cat\/ceipvistaalegre\/?p=3858"},"modified":"2021-03-07T11:53:52","modified_gmt":"2021-03-07T10:53:52","slug":"els-broquils-han-despertat","status":"publish","type":"post","link":"https:\/\/agora.xtec.cat\/ceipvistaalegre\/primaria\/2n\/els-broquils-han-despertat\/","title":{"rendered":"ELS BR\u00d2QUILS  HAN DESPERTAT!!"},"content":{"rendered":"<p>Cada dimecres els alumnes de segon van a l&#8217;hort a regar-lo i a cuidar-lo. Per\u00f2 aquest dimecres han tingut una sorpresa. Els br\u00f2quils que estaven una mica dormilegues, finalment, han despertat i ja han comen\u00e7at a cr\u00e9ixer. \u00c9s molt maco veure com la verdura creix del cor de la planta. Que per cert, estan maqu\u00edssimes.<\/p>\n<p>Felicitats nens i nenes de segon per fer tan b\u00e9 de pagesos i pageses.<\/p>\n\r\n\t<div class=\"slideshow_container slideshow_container_style-light\" style=\"height: 400px; \" data-slideshow-id=\"4090\" data-style-name=\"style-light\" data-style-version=\"2.3.1\" >\r\n\r\n\t\t\t\t\t<div class=\"slideshow_loading_icon\"><\/div>\r\n\t\t\r\n\t\t<div class=\"slideshow_content\" style=\"display: none;\">\r\n\r\n\t\t\t<div class=\"slideshow_view\">\t<div style=\"clear: both;\"><\/div><\/div><div class=\"slideshow_view\">\t<div style=\"clear: both;\"><\/div><\/div><div class=\"slideshow_view\">\t<div style=\"clear: both;\"><\/div><\/div><div class=\"slideshow_view\">\t<div style=\"clear: both;\"><\/div><\/div><div class=\"slideshow_view\">\t<div style=\"clear: both;\"><\/div><\/div>\r\n\t\t<\/div>\r\n\r\n\t\t<div class=\"slideshow_controlPanel slideshow_transparent\" style=\"display: none;\"><ul><li class=\"slideshow_togglePlay\" data-play-text=\"Visualitza\" data-pause-text=\"Pausa\"><\/li><\/ul><\/div>\r\n\r\n\t\t<div class=\"slideshow_button slideshow_previous slideshow_transparent\" role=\"button\" data-previous-text=\"Anterior\" style=\"display: none;\"><\/div>\r\n\t\t<div class=\"slideshow_button slideshow_next slideshow_transparent\" role=\"button\" data-next-text=\"Seg\u00fcent\" style=\"display: none;\"><\/div>\r\n\r\n\t\t<div class=\"slideshow_pagination\" style=\"display: none;\" data-go-to-text=\"V\u00e9s a la diapositiva\"><div class=\"slideshow_pagination_center\"><\/div><\/div>\r\n\r\n\t\t<!-- WordPress Slideshow Version 2.3.1 -->\r\n\r\n\t\t\t<\/div>\r\n\r\n\n<p>&nbsp;<\/p>\n","protected":false},"excerpt":{"rendered":"<p>Cada dimecres els alumnes de segon van a l&#8217;hort a regar-lo i a cuidar-lo. Per\u00f2 aquest dimecres han tingut una sorpresa. Els br\u00f2quils que estaven una mica dormilegues, finalment, han despertat i ja han comen\u00e7at a cr\u00e9ixer. \u00c9s molt maco veure com la verdura creix&hellip;  <a href=\"https:\/\/agora.xtec.cat\/ceipvistaalegre\/primaria\/2n\/els-broquils-han-despertat\/\" title=\"Read ELS BR\u00d2QUILS  HAN DESPERTAT!!\">Llegeix m\u00e9s\u00bb<\/a><\/p>\n","protected":false},"author":15,"featured_media":0,"comment_status":"open","ping_status":"closed","sticky":false,"template":"","format":"standard","meta":{"_bbp_topic_count":0,"_bbp_reply_count":0,"_bbp_total_topic_count":0,"_bbp_total_reply_count":0,"_bbp_voice_count":0,"_bbp_anonymous_reply_count":0,"_bbp_topic_count_hidden":0,"_bbp_reply_count_hidden":0,"_bbp_forum_subforum_count":0,"footnotes":""},"categories":[11],"tags":[],"class_list":["post-3858","post","type-post","status-publish","format-standard","hentry","category-2n"],"post_mailing_queue_ids":[],"_links":{"self":[{"href":"https:\/\/agora.xtec.cat\/ceipvistaalegre\/wp-json\/wp\/v2\/posts\/3858","targetHints":{"allow":["GET"]}}],"collection":[{"href":"https:\/\/agora.xtec.cat\/ceipvistaalegre\/wp-json\/wp\/v2\/posts"}],"about":[{"href":"https:\/\/agora.xtec.cat\/ceipvistaalegre\/wp-json\/wp\/v2\/types\/post"}],"author":[{"embeddable":true,"href":"https:\/\/agora.xtec.cat\/ceipvistaalegre\/wp-json\/wp\/v2\/users\/15"}],"replies":[{"embeddable":true,"href":"https:\/\/agora.xtec.cat\/ceipvistaalegre\/wp-json\/wp\/v2\/comments?post=3858"}],"version-history":[{"count":2,"href":"https:\/\/agora.xtec.cat\/ceipvistaalegre\/wp-json\/wp\/v2\/posts\/3858\/revisions"}],"predecessor-version":[{"id":4091,"href":"https:\/\/agora.xtec.cat\/ceipvistaalegre\/wp-json\/wp\/v2\/posts\/3858\/revisions\/4091"}],"wp:attachment":[{"href":"https:\/\/agora.xtec.cat\/ceipvistaalegre\/wp-json\/wp\/v2\/media?parent=3858"}],"wp:term":[{"taxonomy":"category","embeddable":true,"href":"https:\/\/agora.xtec.cat\/ceipvistaalegre\/wp-json\/wp\/v2\/categories?post=3858"},{"taxonomy":"post_tag","embeddable":true,"href":"https:\/\/agora.xtec.cat\/ceipvistaalegre\/wp-json\/wp\/v2\/tags?post=3858"}],"curies":[{"name":"wp","href":"https:\/\/api.w.org\/{rel}","templated":true}]}}