{"id":3821,"date":"2021-02-03T19:16:52","date_gmt":"2021-02-03T18:16:52","guid":{"rendered":"https:\/\/agora.xtec.cat\/ceipvistaalegre\/?p=3821"},"modified":"2021-02-03T19:16:52","modified_gmt":"2021-02-03T18:16:52","slug":"exposicio-paul-klee","status":"publish","type":"post","link":"https:\/\/agora.xtec.cat\/ceipvistaalegre\/primaria\/5e\/exposicio-paul-klee\/","title":{"rendered":"Exposici\u00f3 Paul Klee"},"content":{"rendered":"<p>Els alumnes de cinqu\u00e8, a pl\u00e0stica estem treballant l&#8217;autor Paul Klee, hem reprodu\u00eft algunes de les seves obres, com\u00a0 ens agrada vol\u00edem fer una exposici\u00f3 perqu\u00e8 els nostres companyes\/es vegin que som uns artistes, tamb\u00e9 vam aprofitar per decorar l&#8217;escola!<\/p>\n<p><img loading=\"lazy\" decoding=\"async\" class=\"alignnone  wp-image-3823\" src=\"https:\/\/agora.xtec.cat\/ceipvistaalegre\/wp-content\/uploads\/usu1936\/2021\/02\/WhatsApp-Image-2021-02-03-at-18.53.37-2-1-1024x768.jpeg\" alt=\"\" width=\"303\" height=\"227\" \/>\u00a0\u00a0<img loading=\"lazy\" decoding=\"async\" class=\"alignnone  wp-image-3824\" src=\"https:\/\/agora.xtec.cat\/ceipvistaalegre\/wp-content\/uploads\/usu1936\/2021\/02\/WhatsApp-Image-2021-02-03-at-18.53.37-3-1024x768.jpeg\" alt=\"\" width=\"303\" height=\"227\" \/> <img loading=\"lazy\" decoding=\"async\" class=\"alignnone  wp-image-3825\" src=\"https:\/\/agora.xtec.cat\/ceipvistaalegre\/wp-content\/uploads\/usu1936\/2021\/02\/WhatsApp-Image-2021-02-03-at-18.53.37-4-1024x768.jpeg\" alt=\"\" width=\"303\" height=\"227\" \/> <img loading=\"lazy\" decoding=\"async\" class=\"alignnone  wp-image-3826\" src=\"https:\/\/agora.xtec.cat\/ceipvistaalegre\/wp-content\/uploads\/usu1936\/2021\/02\/WhatsApp-Image-2021-02-03-at-18.53.38-1024x768.jpeg\" alt=\"\" width=\"303\" height=\"227\" \/><\/p>\n","protected":false},"excerpt":{"rendered":"<p>Els alumnes de cinqu\u00e8, a pl\u00e0stica estem treballant l&#8217;autor Paul Klee, hem reprodu\u00eft algunes de les seves obres, com\u00a0 ens agrada vol\u00edem fer una exposici\u00f3 perqu\u00e8 els nostres companyes\/es vegin que som uns artistes, tamb\u00e9 vam aprofitar per decorar l&#8217;escola!<br \/>\n\u00a0\u00a0  <\/p>\n","protected":false},"author":18,"featured_media":0,"comment_status":"open","ping_status":"closed","sticky":false,"template":"","format":"standard","meta":{"_bbp_topic_count":0,"_bbp_reply_count":0,"_bbp_total_topic_count":0,"_bbp_total_reply_count":0,"_bbp_voice_count":0,"_bbp_anonymous_reply_count":0,"_bbp_topic_count_hidden":0,"_bbp_reply_count_hidden":0,"_bbp_forum_subforum_count":0,"footnotes":""},"categories":[14],"tags":[],"class_list":["post-3821","post","type-post","status-publish","format-standard","hentry","category-5e"],"post_mailing_queue_ids":[],"_links":{"self":[{"href":"https:\/\/agora.xtec.cat\/ceipvistaalegre\/wp-json\/wp\/v2\/posts\/3821","targetHints":{"allow":["GET"]}}],"collection":[{"href":"https:\/\/agora.xtec.cat\/ceipvistaalegre\/wp-json\/wp\/v2\/posts"}],"about":[{"href":"https:\/\/agora.xtec.cat\/ceipvistaalegre\/wp-json\/wp\/v2\/types\/post"}],"author":[{"embeddable":true,"href":"https:\/\/agora.xtec.cat\/ceipvistaalegre\/wp-json\/wp\/v2\/users\/18"}],"replies":[{"embeddable":true,"href":"https:\/\/agora.xtec.cat\/ceipvistaalegre\/wp-json\/wp\/v2\/comments?post=3821"}],"version-history":[{"count":1,"href":"https:\/\/agora.xtec.cat\/ceipvistaalegre\/wp-json\/wp\/v2\/posts\/3821\/revisions"}],"predecessor-version":[{"id":3827,"href":"https:\/\/agora.xtec.cat\/ceipvistaalegre\/wp-json\/wp\/v2\/posts\/3821\/revisions\/3827"}],"wp:attachment":[{"href":"https:\/\/agora.xtec.cat\/ceipvistaalegre\/wp-json\/wp\/v2\/media?parent=3821"}],"wp:term":[{"taxonomy":"category","embeddable":true,"href":"https:\/\/agora.xtec.cat\/ceipvistaalegre\/wp-json\/wp\/v2\/categories?post=3821"},{"taxonomy":"post_tag","embeddable":true,"href":"https:\/\/agora.xtec.cat\/ceipvistaalegre\/wp-json\/wp\/v2\/tags?post=3821"}],"curies":[{"name":"wp","href":"https:\/\/api.w.org\/{rel}","templated":true}]}}