{"id":3804,"date":"2021-02-02T12:06:54","date_gmt":"2021-02-02T11:06:54","guid":{"rendered":"https:\/\/agora.xtec.cat\/ceipvistaalegre\/?p=3804"},"modified":"2021-02-02T19:15:35","modified_gmt":"2021-02-02T18:15:35","slug":"suport-a-les-families","status":"publish","type":"post","link":"https:\/\/agora.xtec.cat\/ceipvistaalegre\/general\/suport-a-les-families\/","title":{"rendered":"SUPORT A LES FAM\u00cdLIES"},"content":{"rendered":"<p>El proper dia <strong>3 de febrer, a les 18:00 h<\/strong>, tindr\u00e0 lloc la segona sessi\u00f3<strong>\u00a0de SUPORT A LES FAM\u00cdLIES<\/strong> a c\u00e0rrec del MEM (Moviment Educatiu del Maresme) amb l&#8217;objectiu de treballar plegats els neguits, aprenentatges i debats de cada moment. Es compartiran situacions, com es gestionen i i es trobar\u00e0 suport en altres persones, explicant all\u00f2 que funciona i all\u00f2 que m\u00e9s preocupa. La sessi\u00f3 \u00e9s oberta i no cal haver participat en l&#8217;anterior.<\/p>\n<p>Cal que us inscriviu a trav\u00e9s del seg\u00fcent formulari: <a href=\"http:\/\/&lt;a href=&quot;https:\/\/forms.gle\/DKfWUxXoTBJLS2nh7&quot;&gt;https:\/\/forms.gle\/DKfWUxXoTBJLS2nh7&lt;\/a&gt;\">FORMULARI<\/a><\/p>\n<p>Enlla\u00e7 per la sessi\u00f3 a <a href=\"https:\/\/us02web.zoom.us\/j\/81000922403?pwd=dTZkNXZuOVNjeExmSEFwY25oWGFvdz09\">Zoom<\/a><\/p>\n<p>ID de reuni\u00f3\u00a0:\u00a0810 0092 2403<\/p>\n<p>Codi d&#8217;acc\u00e9s: suport<\/p>\n<p><a href=\"https:\/\/agora.xtec.cat\/ceipvistaalegre\/wp-content\/uploads\/usu1936\/2021\/02\/Suport-a-les-fam\u00edlies.jpg\"><img loading=\"lazy\" decoding=\"async\" class=\" wp-image-3806 aligncenter\" src=\"https:\/\/agora.xtec.cat\/ceipvistaalegre\/wp-content\/uploads\/usu1936\/2021\/02\/Suport-a-les-fam\u00edlies-1024x1024.jpg\" alt=\"\" width=\"375\" height=\"375\" \/><\/a><\/p>\n<p>&nbsp;<\/p>\n","protected":false},"excerpt":{"rendered":"<p>El proper dia 3 de febrer, a les 18:00 h, tindr\u00e0 lloc la segona sessi\u00f3\u00a0de SUPORT A LES FAM\u00cdLIES a c\u00e0rrec del MEM (Moviment Educatiu del Maresme) amb l&#8217;objectiu de treballar plegats els neguits, aprenentatges i debats de cada moment. Es compartiran situacions, com es&hellip;  <a href=\"https:\/\/agora.xtec.cat\/ceipvistaalegre\/general\/suport-a-les-families\/\" title=\"Read SUPORT A LES FAM\u00cdLIES\">Llegeix m\u00e9s\u00bb<\/a><\/p>\n","protected":false},"author":3,"featured_media":0,"comment_status":"open","ping_status":"closed","sticky":false,"template":"","format":"standard","meta":{"_bbp_topic_count":0,"_bbp_reply_count":0,"_bbp_total_topic_count":0,"_bbp_total_reply_count":0,"_bbp_voice_count":0,"_bbp_anonymous_reply_count":0,"_bbp_topic_count_hidden":0,"_bbp_reply_count_hidden":0,"_bbp_forum_subforum_count":0,"footnotes":""},"categories":[1,4],"tags":[],"class_list":["post-3804","post","type-post","status-publish","format-standard","hentry","category-general","category-portada"],"post_mailing_queue_ids":[],"_links":{"self":[{"href":"https:\/\/agora.xtec.cat\/ceipvistaalegre\/wp-json\/wp\/v2\/posts\/3804","targetHints":{"allow":["GET"]}}],"collection":[{"href":"https:\/\/agora.xtec.cat\/ceipvistaalegre\/wp-json\/wp\/v2\/posts"}],"about":[{"href":"https:\/\/agora.xtec.cat\/ceipvistaalegre\/wp-json\/wp\/v2\/types\/post"}],"author":[{"embeddable":true,"href":"https:\/\/agora.xtec.cat\/ceipvistaalegre\/wp-json\/wp\/v2\/users\/3"}],"replies":[{"embeddable":true,"href":"https:\/\/agora.xtec.cat\/ceipvistaalegre\/wp-json\/wp\/v2\/comments?post=3804"}],"version-history":[{"count":3,"href":"https:\/\/agora.xtec.cat\/ceipvistaalegre\/wp-json\/wp\/v2\/posts\/3804\/revisions"}],"predecessor-version":[{"id":3808,"href":"https:\/\/agora.xtec.cat\/ceipvistaalegre\/wp-json\/wp\/v2\/posts\/3804\/revisions\/3808"}],"wp:attachment":[{"href":"https:\/\/agora.xtec.cat\/ceipvistaalegre\/wp-json\/wp\/v2\/media?parent=3804"}],"wp:term":[{"taxonomy":"category","embeddable":true,"href":"https:\/\/agora.xtec.cat\/ceipvistaalegre\/wp-json\/wp\/v2\/categories?post=3804"},{"taxonomy":"post_tag","embeddable":true,"href":"https:\/\/agora.xtec.cat\/ceipvistaalegre\/wp-json\/wp\/v2\/tags?post=3804"}],"curies":[{"name":"wp","href":"https:\/\/api.w.org\/{rel}","templated":true}]}}