{"id":3766,"date":"2021-01-31T21:38:49","date_gmt":"2021-01-31T20:38:49","guid":{"rendered":"https:\/\/agora.xtec.cat\/ceipvistaalegre\/?p=3766"},"modified":"2021-01-31T21:39:35","modified_gmt":"2021-01-31T20:39:35","slug":"racons-de-lentorn-matematic","status":"publish","type":"post","link":"https:\/\/agora.xtec.cat\/ceipvistaalegre\/general\/racons-de-lentorn-matematic\/","title":{"rendered":"Racons matem\u00e0tics."},"content":{"rendered":"<p>Ja fa uns dies que els nens i nenes de la classe dels Dofins hem comen\u00e7at uns nous racons:<\/p>\n<ul>\n<li><strong>Producte cartesi\u00e0<\/strong>: treballem les qualitats dels objectes i la relaci\u00f3 que ocupen en l&#8217;espai de la quadr\u00edcula.<\/li>\n<li><strong>Polydron<\/strong>: constru\u00efm\u00a0 cossos en 3D seguint uns patrons.<\/li>\n<li><strong>Targes d&#8217;atributs<\/strong> amb les figures geom\u00e8triques: identifiquem atributs afirmatius i negatius per trobar la pe\u00e7a perduda.<\/li>\n<li><strong>Torres de numeraci\u00f3<\/strong> amb multicubs: comptem, sumem i constru\u00efm.<\/li>\n<\/ul>\n\r\n\t<div class=\"slideshow_container slideshow_container_style-light\" style=\"height: 400px; \" data-slideshow-id=\"3768\" data-style-name=\"style-light\" data-style-version=\"2.3.1\" >\r\n\r\n\t\t\t\t\t<div class=\"slideshow_loading_icon\"><\/div>\r\n\t\t\r\n\t\t<div class=\"slideshow_content\" style=\"display: none;\">\r\n\r\n\t\t\t<div class=\"slideshow_view\">\t<div style=\"clear: both;\"><\/div><\/div><div class=\"slideshow_view\">\t<div style=\"clear: both;\"><\/div><\/div><div class=\"slideshow_view\">\t<div style=\"clear: both;\"><\/div><\/div><div class=\"slideshow_view\">\t<div style=\"clear: both;\"><\/div><\/div><div class=\"slideshow_view\">\t<div style=\"clear: both;\"><\/div><\/div><div class=\"slideshow_view\">\t<div style=\"clear: both;\"><\/div><\/div><div class=\"slideshow_view\">\t<div style=\"clear: both;\"><\/div><\/div><div class=\"slideshow_view\">\t<div style=\"clear: both;\"><\/div><\/div><div class=\"slideshow_view\">\t<div style=\"clear: both;\"><\/div><\/div>\r\n\t\t<\/div>\r\n\r\n\t\t<div class=\"slideshow_controlPanel slideshow_transparent\" style=\"display: none;\"><ul><li class=\"slideshow_togglePlay\" data-play-text=\"Visualitza\" data-pause-text=\"Pausa\"><\/li><\/ul><\/div>\r\n\r\n\t\t<div class=\"slideshow_button slideshow_previous slideshow_transparent\" role=\"button\" data-previous-text=\"Anterior\" style=\"display: none;\"><\/div>\r\n\t\t<div class=\"slideshow_button slideshow_next slideshow_transparent\" role=\"button\" data-next-text=\"Seg\u00fcent\" style=\"display: none;\"><\/div>\r\n\r\n\t\t<div class=\"slideshow_pagination\" style=\"display: none;\" data-go-to-text=\"V\u00e9s a la diapositiva\"><div class=\"slideshow_pagination_center\"><\/div><\/div>\r\n\r\n\t\t<!-- WordPress Slideshow Version 2.3.1 -->\r\n\r\n\t\t\t<\/div>\r\n\r\n\n","protected":false},"excerpt":{"rendered":"<p>Ja fa uns dies que els nens i nenes de la classe dels Dofins hem comen\u00e7at uns nous racons:<\/p>\n<ul>\n<li>Producte cartesi\u00e0: treballem les qualitats dels objectes i la relaci\u00f3 que ocupen en l&#8217;espai de la quadr\u00edcula.<\/li>\n<li>Polydron: constru\u00efm\u00a0 cossos en 3D seguint uns patrons.<\/li>\n<li>Targes d&#8217;atributs amb les&hellip;  <a href=\"https:\/\/agora.xtec.cat\/ceipvistaalegre\/general\/racons-de-lentorn-matematic\/\" title=\"Read Racons matem\u00e0tics.\">Llegeix m\u00e9s\u00bb<\/a><br \/>\n","protected":false},"author":4,"featured_media":0,"comment_status":"open","ping_status":"closed","sticky":false,"template":"","format":"standard","meta":{"_bbp_topic_count":0,"_bbp_reply_count":0,"_bbp_total_topic_count":0,"_bbp_total_reply_count":0,"_bbp_voice_count":0,"_bbp_anonymous_reply_count":0,"_bbp_topic_count_hidden":0,"_bbp_reply_count_hidden":0,"_bbp_forum_subforum_count":0,"footnotes":""},"categories":[1],"tags":[148,150,181,153,147],"class_list":["post-3766","post","type-post","status-publish","format-standard","hentry","category-general","tag-espai-i-forma","tag-logica","tag-matematiques","tag-numeracio","tag-racons"],"post_mailing_queue_ids":[],"_links":{"self":[{"href":"https:\/\/agora.xtec.cat\/ceipvistaalegre\/wp-json\/wp\/v2\/posts\/3766","targetHints":{"allow":["GET"]}}],"collection":[{"href":"https:\/\/agora.xtec.cat\/ceipvistaalegre\/wp-json\/wp\/v2\/posts"}],"about":[{"href":"https:\/\/agora.xtec.cat\/ceipvistaalegre\/wp-json\/wp\/v2\/types\/post"}],"author":[{"embeddable":true,"href":"https:\/\/agora.xtec.cat\/ceipvistaalegre\/wp-json\/wp\/v2\/users\/4"}],"replies":[{"embeddable":true,"href":"https:\/\/agora.xtec.cat\/ceipvistaalegre\/wp-json\/wp\/v2\/comments?post=3766"}],"version-history":[{"count":3,"href":"https:\/\/agora.xtec.cat\/ceipvistaalegre\/wp-json\/wp\/v2\/posts\/3766\/revisions"}],"predecessor-version":[{"id":3783,"href":"https:\/\/agora.xtec.cat\/ceipvistaalegre\/wp-json\/wp\/v2\/posts\/3766\/revisions\/3783"}],"wp:attachment":[{"href":"https:\/\/agora.xtec.cat\/ceipvistaalegre\/wp-json\/wp\/v2\/media?parent=3766"}],"wp:term":[{"taxonomy":"category","embeddable":true,"href":"https:\/\/agora.xtec.cat\/ceipvistaalegre\/wp-json\/wp\/v2\/categories?post=3766"},{"taxonomy":"post_tag","embeddable":true,"href":"https:\/\/agora.xtec.cat\/ceipvistaalegre\/wp-json\/wp\/v2\/tags?post=3766"}],"curies":[{"name":"wp","href":"https:\/\/api.w.org\/{rel}","templated":true}]}}