{"id":3725,"date":"2021-01-28T11:20:43","date_gmt":"2021-01-28T10:20:43","guid":{"rendered":"https:\/\/agora.xtec.cat\/ceipvistaalegre\/?p=3725"},"modified":"2021-01-28T11:20:43","modified_gmt":"2021-01-28T10:20:43","slug":"el-cos-huma","status":"publish","type":"post","link":"https:\/\/agora.xtec.cat\/ceipvistaalegre\/primaria\/2n\/el-cos-huma\/","title":{"rendered":"El cos hum\u00e0"},"content":{"rendered":"<p>Els nens i nenes de segon hem comen\u00e7at a treballar el cos hum\u00e0 a l&#8217;\u00e0rea de Medi. \u00c9s molt interessant con\u00e8ixer totes les parts del nostre cos i estem fent servir unes figures que ens ajuden a descobrir tots els \u00f2rgans i els ossos que formen el cos hum\u00e0.<\/p>\n<p>Mireu tot el que tenim al rac\u00f3 de Medi de la classe!<\/p>\n<p><a href=\"https:\/\/agora.xtec.cat\/ceipvistaalegre\/wp-content\/uploads\/usu1936\/2021\/01\/IMG_0330.jpg\"><img loading=\"lazy\" decoding=\"async\" class=\"aligncenter wp-image-3727 size-medium\" src=\"https:\/\/agora.xtec.cat\/ceipvistaalegre\/wp-content\/uploads\/usu1936\/2021\/01\/IMG_0330-300x225.jpg\" alt=\"\" width=\"300\" height=\"225\" data-wp-editing=\"1\" \/><\/a><a href=\"https:\/\/agora.xtec.cat\/ceipvistaalegre\/wp-content\/uploads\/usu1936\/2021\/01\/IMG_0328-e1611828812360.jpg\"><br \/>\n<\/a><a href=\"https:\/\/agora.xtec.cat\/ceipvistaalegre\/wp-content\/uploads\/usu1936\/2021\/01\/IMG_0328-e1611828812360.jpg\"><img loading=\"lazy\" decoding=\"async\" class=\"wp-image-3728 size-medium aligncenter\" src=\"https:\/\/agora.xtec.cat\/ceipvistaalegre\/wp-content\/uploads\/usu1936\/2021\/01\/IMG_0328-e1611828812360-225x300.jpg\" alt=\"\" width=\"225\" height=\"300\" \/><\/a><\/p>\n<p><a href=\"https:\/\/agora.xtec.cat\/ceipvistaalegre\/wp-content\/uploads\/usu1936\/2021\/01\/IMG_0331.jpg\"><img loading=\"lazy\" decoding=\"async\" class=\"aligncenter wp-image-3726 size-medium\" src=\"https:\/\/agora.xtec.cat\/ceipvistaalegre\/wp-content\/uploads\/usu1936\/2021\/01\/IMG_0331-225x300.jpg\" alt=\"\" width=\"225\" height=\"300\" \/><\/a><\/p>\n","protected":false},"excerpt":{"rendered":"<p>Els nens i nenes de segon hem comen\u00e7at a treballar el cos hum\u00e0 a l&#8217;\u00e0rea de Medi. \u00c9s molt interessant con\u00e8ixer totes les parts del nostre cos i estem fent servir unes figures que ens ajuden a descobrir tots els \u00f2rgans i els ossos que&hellip;  <a href=\"https:\/\/agora.xtec.cat\/ceipvistaalegre\/primaria\/2n\/el-cos-huma\/\" title=\"Read El cos hum\u00e0\">Llegeix m\u00e9s\u00bb<\/a><\/p>\n","protected":false},"author":22,"featured_media":0,"comment_status":"open","ping_status":"closed","sticky":false,"template":"","format":"standard","meta":{"_bbp_topic_count":0,"_bbp_reply_count":0,"_bbp_total_topic_count":0,"_bbp_total_reply_count":0,"_bbp_voice_count":0,"_bbp_anonymous_reply_count":0,"_bbp_topic_count_hidden":0,"_bbp_reply_count_hidden":0,"_bbp_forum_subforum_count":0,"footnotes":""},"categories":[11],"tags":[],"class_list":["post-3725","post","type-post","status-publish","format-standard","hentry","category-2n"],"post_mailing_queue_ids":[],"_links":{"self":[{"href":"https:\/\/agora.xtec.cat\/ceipvistaalegre\/wp-json\/wp\/v2\/posts\/3725","targetHints":{"allow":["GET"]}}],"collection":[{"href":"https:\/\/agora.xtec.cat\/ceipvistaalegre\/wp-json\/wp\/v2\/posts"}],"about":[{"href":"https:\/\/agora.xtec.cat\/ceipvistaalegre\/wp-json\/wp\/v2\/types\/post"}],"author":[{"embeddable":true,"href":"https:\/\/agora.xtec.cat\/ceipvistaalegre\/wp-json\/wp\/v2\/users\/22"}],"replies":[{"embeddable":true,"href":"https:\/\/agora.xtec.cat\/ceipvistaalegre\/wp-json\/wp\/v2\/comments?post=3725"}],"version-history":[{"count":3,"href":"https:\/\/agora.xtec.cat\/ceipvistaalegre\/wp-json\/wp\/v2\/posts\/3725\/revisions"}],"predecessor-version":[{"id":3734,"href":"https:\/\/agora.xtec.cat\/ceipvistaalegre\/wp-json\/wp\/v2\/posts\/3725\/revisions\/3734"}],"wp:attachment":[{"href":"https:\/\/agora.xtec.cat\/ceipvistaalegre\/wp-json\/wp\/v2\/media?parent=3725"}],"wp:term":[{"taxonomy":"category","embeddable":true,"href":"https:\/\/agora.xtec.cat\/ceipvistaalegre\/wp-json\/wp\/v2\/categories?post=3725"},{"taxonomy":"post_tag","embeddable":true,"href":"https:\/\/agora.xtec.cat\/ceipvistaalegre\/wp-json\/wp\/v2\/tags?post=3725"}],"curies":[{"name":"wp","href":"https:\/\/api.w.org\/{rel}","templated":true}]}}