{"id":3560,"date":"2020-12-21T13:00:20","date_gmt":"2020-12-21T12:00:20","guid":{"rendered":"https:\/\/agora.xtec.cat\/ceipvistaalegre\/?p=3560"},"modified":"2021-01-04T17:22:51","modified_gmt":"2021-01-04T16:22:51","slug":"final-del-1r-trimestre","status":"publish","type":"post","link":"https:\/\/agora.xtec.cat\/ceipvistaalegre\/general\/final-del-1r-trimestre\/","title":{"rendered":"Final del 1r trimestre"},"content":{"rendered":"<p>&nbsp;<\/p>\n<p><a href=\"https:\/\/agora.xtec.cat\/ceipvistaalegre\/wp-content\/uploads\/usu1936\/2020\/12\/Nadal-2021.jpg\"><img loading=\"lazy\" decoding=\"async\" class=\"wp-image-3561 aligncenter\" src=\"https:\/\/agora.xtec.cat\/ceipvistaalegre\/wp-content\/uploads\/usu1936\/2020\/12\/Nadal-2021-1024x750.jpg\" alt=\"\" width=\"507\" height=\"371\" \/><\/a><\/p>\n<p><strong>Com aquell que no vol la cosa, hem arribat a l\u2019\u00faltim dia del 1r trimestre.<\/strong><\/p>\n<p><strong>Lluny queda aquell inici de curs ple d\u2019incerteses, dubtes o pors. No aventurarem res perqu\u00e8 som conscients que minuts despr\u00e9s ens podem trobar amb el contrari del que preveiem, per\u00f2 la valoraci\u00f3 \u00e9s molt positiva.<\/strong><\/p>\n<p><strong>Ha estat el trimestre de les mascaretes, els grups bombolla, dels gels hidroalcoh\u00f2lics, de les finestres obertes, de les dist\u00e0ncies de seguretat, de seguir les fletxes, dels circuits i horaris a les hores de les entrades i les sortides\u2026<\/strong><\/p>\n<p><strong>Hem apr\u00e8s a renunciar a coses i a acceptar situacions. Hem substitu\u00eft determinades maneres de fer i treballar per d\u2019altres, que ben segur, ens seran molt \u00fatils en altres moments vitals.<\/strong><\/p>\n<p><strong>Tan malament no ho hem fet: ni l\u2019escola ni les fam\u00edlies. I sobretot ells i elles: nens i nenes que han tornat a donar-nos una lli\u00e7\u00f3, adaptant-se a l\u2019organitzaci\u00f3, els espais i les noves maneres de treballar a l\u2019escola.<\/strong><\/p>\n<p><strong>Ara toca descansar. Carregar piles i agafar forces pel nou trimestre, que es preveu tan incert com el primer.<\/strong><\/p>\n<p><strong>Demanem responsabilitat i consci\u00e8ncia per gaudir d\u2019aquests dies. Sabem que \u00e9s dif\u00edcil per\u00f2 necessari.<\/strong><\/p>\n<p><strong>Per \u00faltim, agrair-vos la vostra confian\u00e7a, col\u00b7laboraci\u00f3 i esfor\u00e7 al llarg d\u2019aquests mesos.<\/strong><\/p>\n<p><strong>Us desitgem de tot cor unes bones festes i sobretot, un bon 2021.<\/strong><\/p>\n<p><strong>Ens veiem el dia 11 de gener. Cuideu-vos! Cuidem-nos!<\/strong><\/p>\n<p style=\"text-align: center;\">EQUIP DE MESTRES DE L&#8217;ESCOLA VISTA ALEGRE<\/p>\n","protected":false},"excerpt":{"rendered":"<p>&nbsp;<br \/>\n<a href=\"https:\/\/agora.xtec.cat\/ceipvistaalegre\/wp-content\/uploads\/usu1936\/2020\/12\/Nadal-2021.jpg\"><\/a><br \/>\nCom aquell que no vol la cosa, hem arribat a l\u2019\u00faltim dia del 1r trimestre.<br \/>\nLluny queda aquell inici de curs ple d\u2019incerteses, dubtes o pors. No aventurarem res perqu\u00e8 som conscients que minuts despr\u00e9s ens podem trobar amb el contrari del que preveiem, per\u00f2&hellip;  <a href=\"https:\/\/agora.xtec.cat\/ceipvistaalegre\/general\/final-del-1r-trimestre\/\" title=\"Read Final del 1r trimestre\">Llegeix m\u00e9s\u00bb<\/a><\/p>\n","protected":false},"author":3,"featured_media":0,"comment_status":"open","ping_status":"closed","sticky":false,"template":"","format":"standard","meta":{"_bbp_topic_count":0,"_bbp_reply_count":0,"_bbp_total_topic_count":0,"_bbp_total_reply_count":0,"_bbp_voice_count":0,"_bbp_anonymous_reply_count":0,"_bbp_topic_count_hidden":0,"_bbp_reply_count_hidden":0,"_bbp_forum_subforum_count":0,"footnotes":""},"categories":[1,4],"tags":[],"class_list":["post-3560","post","type-post","status-publish","format-standard","hentry","category-general","category-portada"],"post_mailing_queue_ids":[],"_links":{"self":[{"href":"https:\/\/agora.xtec.cat\/ceipvistaalegre\/wp-json\/wp\/v2\/posts\/3560","targetHints":{"allow":["GET"]}}],"collection":[{"href":"https:\/\/agora.xtec.cat\/ceipvistaalegre\/wp-json\/wp\/v2\/posts"}],"about":[{"href":"https:\/\/agora.xtec.cat\/ceipvistaalegre\/wp-json\/wp\/v2\/types\/post"}],"author":[{"embeddable":true,"href":"https:\/\/agora.xtec.cat\/ceipvistaalegre\/wp-json\/wp\/v2\/users\/3"}],"replies":[{"embeddable":true,"href":"https:\/\/agora.xtec.cat\/ceipvistaalegre\/wp-json\/wp\/v2\/comments?post=3560"}],"version-history":[{"count":2,"href":"https:\/\/agora.xtec.cat\/ceipvistaalegre\/wp-json\/wp\/v2\/posts\/3560\/revisions"}],"predecessor-version":[{"id":3563,"href":"https:\/\/agora.xtec.cat\/ceipvistaalegre\/wp-json\/wp\/v2\/posts\/3560\/revisions\/3563"}],"wp:attachment":[{"href":"https:\/\/agora.xtec.cat\/ceipvistaalegre\/wp-json\/wp\/v2\/media?parent=3560"}],"wp:term":[{"taxonomy":"category","embeddable":true,"href":"https:\/\/agora.xtec.cat\/ceipvistaalegre\/wp-json\/wp\/v2\/categories?post=3560"},{"taxonomy":"post_tag","embeddable":true,"href":"https:\/\/agora.xtec.cat\/ceipvistaalegre\/wp-json\/wp\/v2\/tags?post=3560"}],"curies":[{"name":"wp","href":"https:\/\/api.w.org\/{rel}","templated":true}]}}