{"id":3424,"date":"2020-11-29T21:34:09","date_gmt":"2020-11-29T20:34:09","guid":{"rendered":"https:\/\/agora.xtec.cat\/ceipvistaalegre\/?p=3424"},"modified":"2020-11-29T21:34:09","modified_gmt":"2020-11-29T20:34:09","slug":"santa-cecilia-2","status":"publish","type":"post","link":"https:\/\/agora.xtec.cat\/ceipvistaalegre\/infantil\/santa-cecilia-2\/","title":{"rendered":"SANTA CECILIA"},"content":{"rendered":"<p>Els nens i les nenes de la classe dels gegants de Matar\u00f3 per celebrar el dia de la m\u00fasica, hem apr\u00e9s una dansa de tardor molt maca. Es diu el ball de la castanya. Ens ho hem passat molt b\u00e9 i esperem que us agradi.<\/p>\n<p><a href=\"https:\/\/drive.google.com\/file\/d\/1Yx4Bqf4QbO1QqmjpLFue4nYGfu6nACSp\/view?usp=sharing\">CLICAR VIDEO<\/a><\/p>\n","protected":false},"excerpt":{"rendered":"<p>Els nens i les nenes de la classe dels gegants de Matar\u00f3 per celebrar el dia de la m\u00fasica, hem apr\u00e9s una dansa de tardor molt maca. Es diu el ball de la castanya. Ens ho hem passat molt b\u00e9 i esperem que us agradi.<br \/>\n<a&hellip;  <a href=\"https:\/\/agora.xtec.cat\/ceipvistaalegre\/infantil\/santa-cecilia-2\/\" title=\"Read SANTA CECILIA\">Llegeix m\u00e9s\u00bb<\/a><\/p>\n","protected":false},"author":15,"featured_media":0,"comment_status":"open","ping_status":"closed","sticky":false,"template":"","format":"standard","meta":{"_bbp_topic_count":0,"_bbp_reply_count":0,"_bbp_total_topic_count":0,"_bbp_total_reply_count":0,"_bbp_voice_count":0,"_bbp_anonymous_reply_count":0,"_bbp_topic_count_hidden":0,"_bbp_reply_count_hidden":0,"_bbp_forum_subforum_count":0,"footnotes":""},"categories":[8,2],"tags":[],"class_list":["post-3424","post","type-post","status-publish","format-standard","hentry","category-infantil-4-anys","category-infantil"],"post_mailing_queue_ids":[],"_links":{"self":[{"href":"https:\/\/agora.xtec.cat\/ceipvistaalegre\/wp-json\/wp\/v2\/posts\/3424","targetHints":{"allow":["GET"]}}],"collection":[{"href":"https:\/\/agora.xtec.cat\/ceipvistaalegre\/wp-json\/wp\/v2\/posts"}],"about":[{"href":"https:\/\/agora.xtec.cat\/ceipvistaalegre\/wp-json\/wp\/v2\/types\/post"}],"author":[{"embeddable":true,"href":"https:\/\/agora.xtec.cat\/ceipvistaalegre\/wp-json\/wp\/v2\/users\/15"}],"replies":[{"embeddable":true,"href":"https:\/\/agora.xtec.cat\/ceipvistaalegre\/wp-json\/wp\/v2\/comments?post=3424"}],"version-history":[{"count":1,"href":"https:\/\/agora.xtec.cat\/ceipvistaalegre\/wp-json\/wp\/v2\/posts\/3424\/revisions"}],"predecessor-version":[{"id":3425,"href":"https:\/\/agora.xtec.cat\/ceipvistaalegre\/wp-json\/wp\/v2\/posts\/3424\/revisions\/3425"}],"wp:attachment":[{"href":"https:\/\/agora.xtec.cat\/ceipvistaalegre\/wp-json\/wp\/v2\/media?parent=3424"}],"wp:term":[{"taxonomy":"category","embeddable":true,"href":"https:\/\/agora.xtec.cat\/ceipvistaalegre\/wp-json\/wp\/v2\/categories?post=3424"},{"taxonomy":"post_tag","embeddable":true,"href":"https:\/\/agora.xtec.cat\/ceipvistaalegre\/wp-json\/wp\/v2\/tags?post=3424"}],"curies":[{"name":"wp","href":"https:\/\/api.w.org\/{rel}","templated":true}]}}