{"id":3401,"date":"2020-11-27T11:32:29","date_gmt":"2020-11-27T10:32:29","guid":{"rendered":"https:\/\/agora.xtec.cat\/ceipvistaalegre\/?p=3401"},"modified":"2020-12-14T18:37:41","modified_gmt":"2020-12-14T17:37:41","slug":"mirada-estrabica-grup-xiula-clara-peya","status":"publish","type":"post","link":"https:\/\/agora.xtec.cat\/ceipvistaalegre\/portada\/mirada-estrabica-grup-xiula-clara-peya\/","title":{"rendered":"Mirada estr\u00e0bica &#8211; Grup Xiula &#038; Clara Peya"},"content":{"rendered":"<p>I qu\u00e8 n&#8217;\u00e9s d&#8217;important i necessari visibilitzar totes les realitats i les difer\u00e8ncies que ens fan ser persones \u00faniques!<\/p>\n<p>Us convidem a escoltar aquest cant a la diversitat intel\u00b7lectual, f\u00edsica i familiar amb &#8220;Mirada Estr\u00e0bica&#8221; del grup Xiula i en col\u00b7laboraci\u00f3 amb Clara Peya.<\/p>\n<p>Volem destacar projectes com aquest per, com ells diuen, &#8220;que tots els nens i les nenes, que tots els adolescents i joves, que tots els adults, tinguem el nostre lloc en aquest m\u00f3n&#8221;.<\/p>\n<p><iframe loading=\"lazy\" title=\"XIULA amb la CLARA PEYA - MIRADA ESTR\u00c0BICA\" width=\"500\" height=\"281\" src=\"https:\/\/www.youtube.com\/embed\/eMJ7ECjHl6o?feature=oembed\" frameborder=\"0\" allow=\"accelerometer; autoplay; clipboard-write; encrypted-media; gyroscope; picture-in-picture; web-share\" referrerpolicy=\"strict-origin-when-cross-origin\" allowfullscreen><\/iframe><\/p>\n","protected":false},"excerpt":{"rendered":"<p>I qu\u00e8 n&#8217;\u00e9s d&#8217;important i necessari visibilitzar totes les realitats i les difer\u00e8ncies que ens fan ser persones \u00faniques!<br \/>\nUs convidem a escoltar aquest cant a la diversitat intel\u00b7lectual, f\u00edsica i familiar amb &#8220;Mirada Estr\u00e0bica&#8221; del grup Xiula i en col\u00b7laboraci\u00f3 amb Clara Peya.<br \/>\nVolem destacar projectes&hellip;  <a href=\"https:\/\/agora.xtec.cat\/ceipvistaalegre\/portada\/mirada-estrabica-grup-xiula-clara-peya\/\" title=\"Read Mirada estr\u00e0bica &#8211; Grup Xiula &#038; Clara Peya\">Llegeix m\u00e9s\u00bb<\/a><\/p>\n","protected":false},"author":3,"featured_media":0,"comment_status":"open","ping_status":"closed","sticky":false,"template":"","format":"standard","meta":{"_bbp_topic_count":0,"_bbp_reply_count":0,"_bbp_total_topic_count":0,"_bbp_total_reply_count":0,"_bbp_voice_count":0,"_bbp_anonymous_reply_count":0,"_bbp_topic_count_hidden":0,"_bbp_reply_count_hidden":0,"_bbp_forum_subforum_count":0,"footnotes":""},"categories":[4],"tags":[],"class_list":["post-3401","post","type-post","status-publish","format-standard","hentry","category-portada"],"post_mailing_queue_ids":[],"_links":{"self":[{"href":"https:\/\/agora.xtec.cat\/ceipvistaalegre\/wp-json\/wp\/v2\/posts\/3401","targetHints":{"allow":["GET"]}}],"collection":[{"href":"https:\/\/agora.xtec.cat\/ceipvistaalegre\/wp-json\/wp\/v2\/posts"}],"about":[{"href":"https:\/\/agora.xtec.cat\/ceipvistaalegre\/wp-json\/wp\/v2\/types\/post"}],"author":[{"embeddable":true,"href":"https:\/\/agora.xtec.cat\/ceipvistaalegre\/wp-json\/wp\/v2\/users\/3"}],"replies":[{"embeddable":true,"href":"https:\/\/agora.xtec.cat\/ceipvistaalegre\/wp-json\/wp\/v2\/comments?post=3401"}],"version-history":[{"count":1,"href":"https:\/\/agora.xtec.cat\/ceipvistaalegre\/wp-json\/wp\/v2\/posts\/3401\/revisions"}],"predecessor-version":[{"id":3403,"href":"https:\/\/agora.xtec.cat\/ceipvistaalegre\/wp-json\/wp\/v2\/posts\/3401\/revisions\/3403"}],"wp:attachment":[{"href":"https:\/\/agora.xtec.cat\/ceipvistaalegre\/wp-json\/wp\/v2\/media?parent=3401"}],"wp:term":[{"taxonomy":"category","embeddable":true,"href":"https:\/\/agora.xtec.cat\/ceipvistaalegre\/wp-json\/wp\/v2\/categories?post=3401"},{"taxonomy":"post_tag","embeddable":true,"href":"https:\/\/agora.xtec.cat\/ceipvistaalegre\/wp-json\/wp\/v2\/tags?post=3401"}],"curies":[{"name":"wp","href":"https:\/\/api.w.org\/{rel}","templated":true}]}}