{"id":3387,"date":"2020-11-24T12:30:02","date_gmt":"2020-11-24T11:30:02","guid":{"rendered":"https:\/\/agora.xtec.cat\/ceipvistaalegre\/?p=3387"},"modified":"2020-11-26T10:17:01","modified_gmt":"2020-11-26T09:17:01","slug":"santa-cecilia-2020-2","status":"publish","type":"post","link":"https:\/\/agora.xtec.cat\/ceipvistaalegre\/general\/santa-cecilia-2020-2\/","title":{"rendered":"Santa Cec\u00edlia 2020"},"content":{"rendered":"<p style=\"text-align: left;\">El passat dilluns 23 de novembre, vam celebrar la festivitat de Santa Cec\u00edlia, patrona dels m\u00fasics, a l&#8217;escola.<\/p>\n<p>Aquest any ens ha visitat la <strong>Ying Miquel<\/strong>, una jove de 19 anys, alumna de l&#8217;Escola de M\u00fasica de Matar\u00f3. La Ying coneix i toca dos instruments: el sax\u00f2fon i la guitarra.<\/p>\n<p>Al llarg del mat\u00ed, els diferents grups, van poder gaudir de les can\u00e7ons i melodies que la Ying va interpretar al porxo de l&#8217;escola. A m\u00e9s, va fer participar als nens i nenes amb diferents balls i ritmes.<\/p>\n<p>Si voleu veure algunes imatges de la celebraci\u00f3, podeu clicar l&#8217;<a href=\"https:\/\/drive.google.com\/drive\/folders\/16XtG7DjmM-NF1g8_tdKy5nXAnOlzYvYP?usp=sharing\">enlla\u00e7<\/a>.<\/p>\n","protected":false},"excerpt":{"rendered":"<p>El passat dilluns 23 de novembre, vam celebrar la festivitat de Santa Cec\u00edlia, patrona dels m\u00fasics, a l&#8217;escola.<br \/>\nAquest any ens ha visitat la Ying Miquel, una jove de 19 anys, alumna de l&#8217;Escola de M\u00fasica de Matar\u00f3. La Ying coneix i toca dos instruments: el&hellip;  <a href=\"https:\/\/agora.xtec.cat\/ceipvistaalegre\/general\/santa-cecilia-2020-2\/\" title=\"Read Santa Cec\u00edlia 2020\">Llegeix m\u00e9s\u00bb<\/a><\/p>\n","protected":false},"author":3,"featured_media":0,"comment_status":"open","ping_status":"closed","sticky":false,"template":"","format":"standard","meta":{"_bbp_topic_count":0,"_bbp_reply_count":0,"_bbp_total_topic_count":0,"_bbp_total_reply_count":0,"_bbp_voice_count":0,"_bbp_anonymous_reply_count":0,"_bbp_topic_count_hidden":0,"_bbp_reply_count_hidden":0,"_bbp_forum_subforum_count":0,"footnotes":""},"categories":[10,11,12,13,14,15,1,3,8,4],"tags":[],"class_list":["post-3387","post","type-post","status-publish","format-standard","hentry","category-1r","category-2n","category-la-classe-dels-pirates","category-4t","category-5e","category-6e","category-general","category-infantil-3-anys","category-infantil-4-anys","category-portada"],"post_mailing_queue_ids":[],"_links":{"self":[{"href":"https:\/\/agora.xtec.cat\/ceipvistaalegre\/wp-json\/wp\/v2\/posts\/3387","targetHints":{"allow":["GET"]}}],"collection":[{"href":"https:\/\/agora.xtec.cat\/ceipvistaalegre\/wp-json\/wp\/v2\/posts"}],"about":[{"href":"https:\/\/agora.xtec.cat\/ceipvistaalegre\/wp-json\/wp\/v2\/types\/post"}],"author":[{"embeddable":true,"href":"https:\/\/agora.xtec.cat\/ceipvistaalegre\/wp-json\/wp\/v2\/users\/3"}],"replies":[{"embeddable":true,"href":"https:\/\/agora.xtec.cat\/ceipvistaalegre\/wp-json\/wp\/v2\/comments?post=3387"}],"version-history":[{"count":2,"href":"https:\/\/agora.xtec.cat\/ceipvistaalegre\/wp-json\/wp\/v2\/posts\/3387\/revisions"}],"predecessor-version":[{"id":3395,"href":"https:\/\/agora.xtec.cat\/ceipvistaalegre\/wp-json\/wp\/v2\/posts\/3387\/revisions\/3395"}],"wp:attachment":[{"href":"https:\/\/agora.xtec.cat\/ceipvistaalegre\/wp-json\/wp\/v2\/media?parent=3387"}],"wp:term":[{"taxonomy":"category","embeddable":true,"href":"https:\/\/agora.xtec.cat\/ceipvistaalegre\/wp-json\/wp\/v2\/categories?post=3387"},{"taxonomy":"post_tag","embeddable":true,"href":"https:\/\/agora.xtec.cat\/ceipvistaalegre\/wp-json\/wp\/v2\/tags?post=3387"}],"curies":[{"name":"wp","href":"https:\/\/api.w.org\/{rel}","templated":true}]}}