{"id":3384,"date":"2020-11-23T19:24:40","date_gmt":"2020-11-23T18:24:40","guid":{"rendered":"https:\/\/agora.xtec.cat\/ceipvistaalegre\/?p=3384"},"modified":"2020-11-23T19:24:40","modified_gmt":"2020-11-23T18:24:40","slug":"el-dia-de-la-musica-a-p-5","status":"publish","type":"post","link":"https:\/\/agora.xtec.cat\/ceipvistaalegre\/general\/el-dia-de-la-musica-a-p-5\/","title":{"rendered":"El dia de la M\u00fasica a P-5"},"content":{"rendered":"<p>Per celebrar el dia de la M\u00fasica la classe dels Dofins de P-5 hem apr\u00e8s i cantant aquesta can\u00e7\u00f3: &#8220;El meu coet&#8221;<\/p>\n<p>Us deixem el v\u00eddeo i a veure si us agrada!!<\/p>\n<p style=\"text-align: center;\"><iframe loading=\"lazy\" src=\"\/\/www.youtube.com\/embed\/fm7aSxDRqc8\" width=\"560\" height=\"314\"><\/iframe><\/p>\n","protected":false},"excerpt":{"rendered":"<p>Per celebrar el dia de la M\u00fasica la classe dels Dofins de P-5 hem apr\u00e8s i cantant aquesta can\u00e7\u00f3: &#8220;El meu coet&#8221;<br \/>\nUs deixem el v\u00eddeo i a veure si us agrada!!<\/p>\n","protected":false},"author":4,"featured_media":0,"comment_status":"open","ping_status":"closed","sticky":false,"template":"","format":"standard","meta":{"_bbp_topic_count":0,"_bbp_reply_count":0,"_bbp_total_topic_count":0,"_bbp_total_reply_count":0,"_bbp_voice_count":0,"_bbp_anonymous_reply_count":0,"_bbp_topic_count_hidden":0,"_bbp_reply_count_hidden":0,"_bbp_forum_subforum_count":0,"footnotes":""},"categories":[1],"tags":[171,107,170],"class_list":["post-3384","post","type-post","status-publish","format-standard","hentry","category-general","tag-cancons","tag-musica","tag-santa-cecilia"],"post_mailing_queue_ids":[],"_links":{"self":[{"href":"https:\/\/agora.xtec.cat\/ceipvistaalegre\/wp-json\/wp\/v2\/posts\/3384","targetHints":{"allow":["GET"]}}],"collection":[{"href":"https:\/\/agora.xtec.cat\/ceipvistaalegre\/wp-json\/wp\/v2\/posts"}],"about":[{"href":"https:\/\/agora.xtec.cat\/ceipvistaalegre\/wp-json\/wp\/v2\/types\/post"}],"author":[{"embeddable":true,"href":"https:\/\/agora.xtec.cat\/ceipvistaalegre\/wp-json\/wp\/v2\/users\/4"}],"replies":[{"embeddable":true,"href":"https:\/\/agora.xtec.cat\/ceipvistaalegre\/wp-json\/wp\/v2\/comments?post=3384"}],"version-history":[{"count":1,"href":"https:\/\/agora.xtec.cat\/ceipvistaalegre\/wp-json\/wp\/v2\/posts\/3384\/revisions"}],"predecessor-version":[{"id":3385,"href":"https:\/\/agora.xtec.cat\/ceipvistaalegre\/wp-json\/wp\/v2\/posts\/3384\/revisions\/3385"}],"wp:attachment":[{"href":"https:\/\/agora.xtec.cat\/ceipvistaalegre\/wp-json\/wp\/v2\/media?parent=3384"}],"wp:term":[{"taxonomy":"category","embeddable":true,"href":"https:\/\/agora.xtec.cat\/ceipvistaalegre\/wp-json\/wp\/v2\/categories?post=3384"},{"taxonomy":"post_tag","embeddable":true,"href":"https:\/\/agora.xtec.cat\/ceipvistaalegre\/wp-json\/wp\/v2\/tags?post=3384"}],"curies":[{"name":"wp","href":"https:\/\/api.w.org\/{rel}","templated":true}]}}