{"id":3374,"date":"2020-11-20T16:08:08","date_gmt":"2020-11-20T15:08:08","guid":{"rendered":"https:\/\/agora.xtec.cat\/ceipvistaalegre\/?p=3374"},"modified":"2020-11-20T16:08:08","modified_gmt":"2020-11-20T15:08:08","slug":"santa-cecilia","status":"publish","type":"post","link":"https:\/\/agora.xtec.cat\/ceipvistaalegre\/primaria\/2n\/santa-cecilia\/","title":{"rendered":"Santa Cec\u00edlia"},"content":{"rendered":"<p>Aquest diumenge \u00e9s Santa Cec\u00edlia, el dia de la m\u00fasica, i els nens i nens de segon hem preparat una can\u00e7\u00f3 per celebrar-lo.<\/p>\n<p>\u00c9s una can\u00e7\u00f3 tradicional africana i es diu <em>Kokoleoko<\/em>. Ens hem apr\u00e8s la lletra i els moviments de les mans i hem fet un v\u00eddeo! Esperem que us agradi.<\/p>\n<p><a href=\"https:\/\/youtu.be\/tNfNCMzprVU\">https:\/\/youtu.be\/tNfNCMzprVU<\/a><\/p>\n","protected":false},"excerpt":{"rendered":"<p>Aquest diumenge \u00e9s Santa Cec\u00edlia, el dia de la m\u00fasica, i els nens i nens de segon hem preparat una can\u00e7\u00f3 per celebrar-lo.<br \/>\n\u00c9s una can\u00e7\u00f3 tradicional africana i es diu Kokoleoko. Ens hem apr\u00e8s la lletra i els moviments de les mans i hem fet&hellip;  <a href=\"https:\/\/agora.xtec.cat\/ceipvistaalegre\/primaria\/2n\/santa-cecilia\/\" title=\"Read Santa Cec\u00edlia\">Llegeix m\u00e9s\u00bb<\/a><\/p>\n","protected":false},"author":22,"featured_media":0,"comment_status":"open","ping_status":"closed","sticky":false,"template":"","format":"standard","meta":{"_bbp_topic_count":0,"_bbp_reply_count":0,"_bbp_total_topic_count":0,"_bbp_total_reply_count":0,"_bbp_voice_count":0,"_bbp_anonymous_reply_count":0,"_bbp_topic_count_hidden":0,"_bbp_reply_count_hidden":0,"_bbp_forum_subforum_count":0,"footnotes":""},"categories":[11,94],"tags":[],"class_list":["post-3374","post","type-post","status-publish","format-standard","hentry","category-2n","category-dia-de-la-musica"],"post_mailing_queue_ids":[],"_links":{"self":[{"href":"https:\/\/agora.xtec.cat\/ceipvistaalegre\/wp-json\/wp\/v2\/posts\/3374","targetHints":{"allow":["GET"]}}],"collection":[{"href":"https:\/\/agora.xtec.cat\/ceipvistaalegre\/wp-json\/wp\/v2\/posts"}],"about":[{"href":"https:\/\/agora.xtec.cat\/ceipvistaalegre\/wp-json\/wp\/v2\/types\/post"}],"author":[{"embeddable":true,"href":"https:\/\/agora.xtec.cat\/ceipvistaalegre\/wp-json\/wp\/v2\/users\/22"}],"replies":[{"embeddable":true,"href":"https:\/\/agora.xtec.cat\/ceipvistaalegre\/wp-json\/wp\/v2\/comments?post=3374"}],"version-history":[{"count":2,"href":"https:\/\/agora.xtec.cat\/ceipvistaalegre\/wp-json\/wp\/v2\/posts\/3374\/revisions"}],"predecessor-version":[{"id":3376,"href":"https:\/\/agora.xtec.cat\/ceipvistaalegre\/wp-json\/wp\/v2\/posts\/3374\/revisions\/3376"}],"wp:attachment":[{"href":"https:\/\/agora.xtec.cat\/ceipvistaalegre\/wp-json\/wp\/v2\/media?parent=3374"}],"wp:term":[{"taxonomy":"category","embeddable":true,"href":"https:\/\/agora.xtec.cat\/ceipvistaalegre\/wp-json\/wp\/v2\/categories?post=3374"},{"taxonomy":"post_tag","embeddable":true,"href":"https:\/\/agora.xtec.cat\/ceipvistaalegre\/wp-json\/wp\/v2\/tags?post=3374"}],"curies":[{"name":"wp","href":"https:\/\/api.w.org\/{rel}","templated":true}]}}