{"id":3202,"date":"2020-11-29T20:11:53","date_gmt":"2020-11-29T19:11:53","guid":{"rendered":"https:\/\/agora.xtec.cat\/ceipvistaalegre\/?p=3202"},"modified":"2020-11-29T20:12:36","modified_gmt":"2020-11-29T19:12:36","slug":"tallers-educacio-infantil","status":"publish","type":"post","link":"https:\/\/agora.xtec.cat\/ceipvistaalegre\/infantil\/tallers-educacio-infantil\/","title":{"rendered":"Tallers Educaci\u00f3 Infantil"},"content":{"rendered":"<p>Ja fa unes setmanes que vam comen\u00e7ar els tallers a Educaci\u00f3 Infantil. Aquest any s\u00f3n uns tallers diferents ja que no ens podem barrejar les tres classes, per\u00f2 tot i aix\u00f2 n&#8217;estem gaudint molt.<\/p>\n<p>Hem realitzat aquests 4 tallers:<\/p>\n<ul style=\"list-style-type: square;\">\n<li>Jocs al pati: fem pastetes amb sorra i aigua.<\/li>\n<li>Experimentem amb xocolata: color, olor i textures al barrejar xocolata amb sucre i aigua.<\/li>\n<li>Taller creatiu amb fang i elements de la tardor.<\/li>\n<li>Tapissos amb elements naturals.<\/li>\n<\/ul>\n<p>&nbsp;<\/p>\n<p style=\"text-align: center;\">\r\n\t<div class=\"slideshow_container slideshow_container_style-light\" style=\"height: 400px; \" data-slideshow-id=\"3409\" data-style-name=\"style-light\" data-style-version=\"2.3.1\" >\r\n\r\n\t\t\t\t\t<div class=\"slideshow_loading_icon\"><\/div>\r\n\t\t\r\n\t\t<div class=\"slideshow_content\" style=\"display: none;\">\r\n\r\n\t\t\t<div class=\"slideshow_view\">\t<div style=\"clear: both;\"><\/div><\/div><div class=\"slideshow_view\">\t<div style=\"clear: both;\"><\/div><\/div><div class=\"slideshow_view\">\t<div style=\"clear: both;\"><\/div><\/div><div class=\"slideshow_view\">\t<div style=\"clear: both;\"><\/div><\/div>\r\n\t\t<\/div>\r\n\r\n\t\t<div class=\"slideshow_controlPanel slideshow_transparent\" style=\"display: none;\"><ul><li class=\"slideshow_togglePlay\" data-play-text=\"Visualitza\" data-pause-text=\"Pausa\"><\/li><\/ul><\/div>\r\n\r\n\t\t<div class=\"slideshow_button slideshow_previous slideshow_transparent\" role=\"button\" data-previous-text=\"Anterior\" style=\"display: none;\"><\/div>\r\n\t\t<div class=\"slideshow_button slideshow_next slideshow_transparent\" role=\"button\" data-next-text=\"Seg\u00fcent\" style=\"display: none;\"><\/div>\r\n\r\n\t\t<div class=\"slideshow_pagination\" style=\"display: none;\" data-go-to-text=\"V\u00e9s a la diapositiva\"><div class=\"slideshow_pagination_center\"><\/div><\/div>\r\n\r\n\t\t<!-- WordPress Slideshow Version 2.3.1 -->\r\n\r\n\t\t\t<\/div>\r\n\r\n<\/p>\n<p>Cliqueu els enlla\u00e7os per veure m\u00e9s imatges:<\/p>\n<p><a href=\"https:\/\/drive.google.com\/drive\/folders\/1_MHONsQeGvjVnVEtBKe8i6F6nCeWHsBc?usp=sharing\">P-3<\/a><\/p>\n<p><a href=\"https:\/\/drive.google.com\/drive\/folders\/11x7qntF1dWhjNwMv9UFuGv4LVahGkJUC?usp=sharing\">P-4<\/a><\/p>\n<p><a href=\"https:\/\/drive.google.com\/drive\/folders\/1JbA74zNKvsK9Bebhd0rwNdepfXGM5bv-?usp=sharing\">P-5<\/a><\/p>\n<p>&nbsp;<\/p>\n","protected":false},"excerpt":{"rendered":"<p>Ja fa unes setmanes que vam comen\u00e7ar els tallers a Educaci\u00f3 Infantil. Aquest any s\u00f3n uns tallers diferents ja que no ens podem barrejar les tres classes, per\u00f2 tot i aix\u00f2 n&#8217;estem gaudint molt.<br \/>\nHem realitzat aquests 4 tallers:<\/p>\n<ul style=\"list-style-type: square;\">\n<li>Jocs al pati: fem pastetes amb&hellip;  <a href=\"https:\/\/agora.xtec.cat\/ceipvistaalegre\/infantil\/tallers-educacio-infantil\/\" title=\"Read Tallers Educaci\u00f3 Infantil\">Llegeix m\u00e9s\u00bb<\/a><br \/>\n","protected":false},"author":4,"featured_media":0,"comment_status":"open","ping_status":"closed","sticky":false,"template":"","format":"standard","meta":{"_bbp_topic_count":0,"_bbp_reply_count":0,"_bbp_total_topic_count":0,"_bbp_total_reply_count":0,"_bbp_voice_count":0,"_bbp_anonymous_reply_count":0,"_bbp_topic_count_hidden":0,"_bbp_reply_count_hidden":0,"_bbp_forum_subforum_count":0,"footnotes":""},"categories":[3,8,2],"tags":[159,158,157,156,93],"class_list":["post-3202","post","type-post","status-publish","format-standard","hentry","category-infantil-3-anys","category-infantil-4-anys","category-infantil","tag-experimentem","tag-fang","tag-jocs-pati","tag-tallers-infantil","tag-tardor"],"post_mailing_queue_ids":[],"_links":{"self":[{"href":"https:\/\/agora.xtec.cat\/ceipvistaalegre\/wp-json\/wp\/v2\/posts\/3202","targetHints":{"allow":["GET"]}}],"collection":[{"href":"https:\/\/agora.xtec.cat\/ceipvistaalegre\/wp-json\/wp\/v2\/posts"}],"about":[{"href":"https:\/\/agora.xtec.cat\/ceipvistaalegre\/wp-json\/wp\/v2\/types\/post"}],"author":[{"embeddable":true,"href":"https:\/\/agora.xtec.cat\/ceipvistaalegre\/wp-json\/wp\/v2\/users\/4"}],"replies":[{"embeddable":true,"href":"https:\/\/agora.xtec.cat\/ceipvistaalegre\/wp-json\/wp\/v2\/comments?post=3202"}],"version-history":[{"count":3,"href":"https:\/\/agora.xtec.cat\/ceipvistaalegre\/wp-json\/wp\/v2\/posts\/3202\/revisions"}],"predecessor-version":[{"id":3423,"href":"https:\/\/agora.xtec.cat\/ceipvistaalegre\/wp-json\/wp\/v2\/posts\/3202\/revisions\/3423"}],"wp:attachment":[{"href":"https:\/\/agora.xtec.cat\/ceipvistaalegre\/wp-json\/wp\/v2\/media?parent=3202"}],"wp:term":[{"taxonomy":"category","embeddable":true,"href":"https:\/\/agora.xtec.cat\/ceipvistaalegre\/wp-json\/wp\/v2\/categories?post=3202"},{"taxonomy":"post_tag","embeddable":true,"href":"https:\/\/agora.xtec.cat\/ceipvistaalegre\/wp-json\/wp\/v2\/tags?post=3202"}],"curies":[{"name":"wp","href":"https:\/\/api.w.org\/{rel}","templated":true}]}}