{"id":3191,"date":"2020-11-04T20:42:47","date_gmt":"2020-11-04T19:42:47","guid":{"rendered":"https:\/\/agora.xtec.cat\/ceipvistaalegre\/?p=3191"},"modified":"2020-11-04T20:42:47","modified_gmt":"2020-11-04T19:42:47","slug":"fem-una-grafica","status":"publish","type":"post","link":"https:\/\/agora.xtec.cat\/ceipvistaalegre\/general\/fem-una-grafica\/","title":{"rendered":"Fem una gr\u00e0fica."},"content":{"rendered":"<p>Aprofitant que aquest curs tenim un nou calendari on mirem quin mes som, el dia de la setmana, el n\u00famero del dia i el temps, hem elaborat una gr\u00e0fica del temps que ha fet durant tot el mes.<\/p>\n<p>Hem agrupat les icones que representen el temps que ha fet cada dia al llarg del mes d&#8217;octubre. Abans de comptar hem analitzat la gr\u00e0fica: al mes d&#8217;octubre quin temps ha fet? Hem tingut m\u00e9s dies de sol o de pluja?\u00a0 Sense comptar els cartrons, com sabem que hem tingut m\u00e9s dies de sol?<\/p>\n<p>Cada infant ha explicat a la seva manera la interpretaci\u00f3 de la gr\u00e0fica i finalment hem comptat quants dies ha fet sol, ha estat ennuvolat o ha fet una mica de sol i n\u00favol.<\/p>\n<p style=\"text-align: center;\"><a href=\"https:\/\/agora.xtec.cat\/ceipvistaalegre\/infantil\/p5\/fem-una-grafica\/attachment\/img_20201104_095423\/\" rel=\"attachment wp-att-3194\"><img loading=\"lazy\" decoding=\"async\" class=\"aligncenter wp-image-3194 \" src=\"https:\/\/agora.xtec.cat\/ceipvistaalegre\/wp-content\/uploads\/usu1936\/2020\/11\/IMG_20201104_095423-768x1024.jpg\" alt=\"\" width=\"575\" height=\"767\" \/><\/a><\/p>\n<p>&nbsp;<\/p>\n","protected":false},"excerpt":{"rendered":"<p>Aprofitant que aquest curs tenim un nou calendari on mirem quin mes som, el dia de la setmana, el n\u00famero del dia i el temps, hem elaborat una gr\u00e0fica del temps que ha fet durant tot el mes.<br \/>\nHem agrupat les icones que representen el temps&hellip;  <a href=\"https:\/\/agora.xtec.cat\/ceipvistaalegre\/general\/fem-una-grafica\/\" title=\"Read Fem una gr\u00e0fica.\">Llegeix m\u00e9s\u00bb<\/a><\/p>\n","protected":false},"author":4,"featured_media":0,"comment_status":"open","ping_status":"closed","sticky":false,"template":"","format":"standard","meta":{"_bbp_topic_count":0,"_bbp_reply_count":0,"_bbp_total_topic_count":0,"_bbp_total_reply_count":0,"_bbp_voice_count":0,"_bbp_anonymous_reply_count":0,"_bbp_topic_count_hidden":0,"_bbp_reply_count_hidden":0,"_bbp_forum_subforum_count":0,"footnotes":""},"categories":[1],"tags":[152,151,154,153],"class_list":["post-3191","post","type-post","status-publish","format-standard","hentry","category-general","tag-el-temps","tag-estadistica","tag-grafiques","tag-numeracio"],"post_mailing_queue_ids":[],"_links":{"self":[{"href":"https:\/\/agora.xtec.cat\/ceipvistaalegre\/wp-json\/wp\/v2\/posts\/3191","targetHints":{"allow":["GET"]}}],"collection":[{"href":"https:\/\/agora.xtec.cat\/ceipvistaalegre\/wp-json\/wp\/v2\/posts"}],"about":[{"href":"https:\/\/agora.xtec.cat\/ceipvistaalegre\/wp-json\/wp\/v2\/types\/post"}],"author":[{"embeddable":true,"href":"https:\/\/agora.xtec.cat\/ceipvistaalegre\/wp-json\/wp\/v2\/users\/4"}],"replies":[{"embeddable":true,"href":"https:\/\/agora.xtec.cat\/ceipvistaalegre\/wp-json\/wp\/v2\/comments?post=3191"}],"version-history":[{"count":3,"href":"https:\/\/agora.xtec.cat\/ceipvistaalegre\/wp-json\/wp\/v2\/posts\/3191\/revisions"}],"predecessor-version":[{"id":3198,"href":"https:\/\/agora.xtec.cat\/ceipvistaalegre\/wp-json\/wp\/v2\/posts\/3191\/revisions\/3198"}],"wp:attachment":[{"href":"https:\/\/agora.xtec.cat\/ceipvistaalegre\/wp-json\/wp\/v2\/media?parent=3191"}],"wp:term":[{"taxonomy":"category","embeddable":true,"href":"https:\/\/agora.xtec.cat\/ceipvistaalegre\/wp-json\/wp\/v2\/categories?post=3191"},{"taxonomy":"post_tag","embeddable":true,"href":"https:\/\/agora.xtec.cat\/ceipvistaalegre\/wp-json\/wp\/v2\/tags?post=3191"}],"curies":[{"name":"wp","href":"https:\/\/api.w.org\/{rel}","templated":true}]}}