{"id":3177,"date":"2020-11-04T20:19:26","date_gmt":"2020-11-04T19:19:26","guid":{"rendered":"https:\/\/agora.xtec.cat\/ceipvistaalegre\/?p=3177"},"modified":"2020-11-04T20:20:09","modified_gmt":"2020-11-04T19:20:09","slug":"les-paraules-de-la-tardor","status":"publish","type":"post","link":"https:\/\/agora.xtec.cat\/ceipvistaalegre\/general\/les-paraules-de-la-tardor\/","title":{"rendered":"Les paraules de la tardor."},"content":{"rendered":"<p>Els nens i nenes de la classe dels Dofins han portat molts elements de la tardor: fruites, fruits secs, fulles, troncs, castanyes&#8230; Despr\u00e9s d&#8217;observar-los hem comen\u00e7at a parlar dels seus noms, com s&#8217;escriuen i com sonen les lletres que els componen.<\/p>\n<p>Hem fet servir imatges amb el seu nom a sota i hem comen\u00e7at a confegir les paraules: com comen\u00e7a, com acaba, quants cops de veu t\u00e9&#8230; Tamb\u00e9 hem comen\u00e7at a llegir-les, cadasc\u00fa a la seva manera!!<\/p>\n<p>Despr\u00e9s hem fet servir les rodes fonol\u00f2giques, per aquesta activitat hem de tenir les orelles ben obertes i veure si les paraules dels elements de la tardor sona o no sona una lletra concreta. Si sona posem una pin\u00e7a. Tamb\u00e9 hem d&#8217;escoltar on \u00e9s aquesta lletra: al comen\u00e7ament, al mig o al final.<\/p>\n<p style=\"text-align: center;\">\r\n\t<div class=\"slideshow_container slideshow_container_style-light\" style=\"height: 400px; \" data-slideshow-id=\"3179\" data-style-name=\"style-light\" data-style-version=\"2.3.1\" >\r\n\r\n\t\t\t\t\t<div class=\"slideshow_loading_icon\"><\/div>\r\n\t\t\r\n\t\t<div class=\"slideshow_content\" style=\"display: none;\">\r\n\r\n\t\t\t<div class=\"slideshow_view\">\t<div style=\"clear: both;\"><\/div><\/div><div class=\"slideshow_view\">\t<div style=\"clear: both;\"><\/div><\/div><div class=\"slideshow_view\">\t<div style=\"clear: both;\"><\/div><\/div><div class=\"slideshow_view\">\t<div style=\"clear: both;\"><\/div><\/div><div class=\"slideshow_view\">\t<div style=\"clear: both;\"><\/div><\/div><div class=\"slideshow_view\">\t<div style=\"clear: both;\"><\/div><\/div>\r\n\t\t<\/div>\r\n\r\n\t\t<div class=\"slideshow_controlPanel slideshow_transparent\" style=\"display: none;\"><ul><li class=\"slideshow_togglePlay\" data-play-text=\"Visualitza\" data-pause-text=\"Pausa\"><\/li><\/ul><\/div>\r\n\r\n\t\t<div class=\"slideshow_button slideshow_previous slideshow_transparent\" role=\"button\" data-previous-text=\"Anterior\" style=\"display: none;\"><\/div>\r\n\t\t<div class=\"slideshow_button slideshow_next slideshow_transparent\" role=\"button\" data-next-text=\"Seg\u00fcent\" style=\"display: none;\"><\/div>\r\n\r\n\t\t<div class=\"slideshow_pagination\" style=\"display: none;\" data-go-to-text=\"V\u00e9s a la diapositiva\"><div class=\"slideshow_pagination_center\"><\/div><\/div>\r\n\r\n\t\t<!-- WordPress Slideshow Version 2.3.1 -->\r\n\r\n\t\t\t<\/div>\r\n\r\n<\/p>\n<p>&nbsp;<\/p>\n<p>&nbsp;<\/p>\n","protected":false},"excerpt":{"rendered":"<p>Els nens i nenes de la classe dels Dofins han portat molts elements de la tardor: fruites, fruits secs, fulles, troncs, castanyes&#8230; Despr\u00e9s d&#8217;observar-los hem comen\u00e7at a parlar dels seus noms, com s&#8217;escriuen i com sonen les lletres que els componen.<br \/>\nHem fet servir imatges amb&hellip;  <a href=\"https:\/\/agora.xtec.cat\/ceipvistaalegre\/general\/les-paraules-de-la-tardor\/\" title=\"Read Les paraules de la tardor.\">Llegeix m\u00e9s\u00bb<\/a><\/p>\n","protected":false},"author":4,"featured_media":0,"comment_status":"open","ping_status":"closed","sticky":false,"template":"","format":"standard","meta":{"_bbp_topic_count":0,"_bbp_reply_count":0,"_bbp_total_topic_count":0,"_bbp_total_reply_count":0,"_bbp_voice_count":0,"_bbp_anonymous_reply_count":0,"_bbp_topic_count_hidden":0,"_bbp_reply_count_hidden":0,"_bbp_forum_subforum_count":0,"footnotes":""},"categories":[1],"tags":[103,93],"class_list":["post-3177","post","type-post","status-publish","format-standard","hentry","category-general","tag-lectoescriptura","tag-tardor"],"post_mailing_queue_ids":[],"_links":{"self":[{"href":"https:\/\/agora.xtec.cat\/ceipvistaalegre\/wp-json\/wp\/v2\/posts\/3177","targetHints":{"allow":["GET"]}}],"collection":[{"href":"https:\/\/agora.xtec.cat\/ceipvistaalegre\/wp-json\/wp\/v2\/posts"}],"about":[{"href":"https:\/\/agora.xtec.cat\/ceipvistaalegre\/wp-json\/wp\/v2\/types\/post"}],"author":[{"embeddable":true,"href":"https:\/\/agora.xtec.cat\/ceipvistaalegre\/wp-json\/wp\/v2\/users\/4"}],"replies":[{"embeddable":true,"href":"https:\/\/agora.xtec.cat\/ceipvistaalegre\/wp-json\/wp\/v2\/comments?post=3177"}],"version-history":[{"count":4,"href":"https:\/\/agora.xtec.cat\/ceipvistaalegre\/wp-json\/wp\/v2\/posts\/3177\/revisions"}],"predecessor-version":[{"id":3190,"href":"https:\/\/agora.xtec.cat\/ceipvistaalegre\/wp-json\/wp\/v2\/posts\/3177\/revisions\/3190"}],"wp:attachment":[{"href":"https:\/\/agora.xtec.cat\/ceipvistaalegre\/wp-json\/wp\/v2\/media?parent=3177"}],"wp:term":[{"taxonomy":"category","embeddable":true,"href":"https:\/\/agora.xtec.cat\/ceipvistaalegre\/wp-json\/wp\/v2\/categories?post=3177"},{"taxonomy":"post_tag","embeddable":true,"href":"https:\/\/agora.xtec.cat\/ceipvistaalegre\/wp-json\/wp\/v2\/tags?post=3177"}],"curies":[{"name":"wp","href":"https:\/\/api.w.org\/{rel}","templated":true}]}}