{"id":3175,"date":"2020-11-06T13:55:56","date_gmt":"2020-11-06T12:55:56","guid":{"rendered":"https:\/\/agora.xtec.cat\/ceipvistaalegre\/?p=3175"},"modified":"2020-11-09T09:55:33","modified_gmt":"2020-11-09T08:55:33","slug":"castanyada-educacio-infantil","status":"publish","type":"post","link":"https:\/\/agora.xtec.cat\/ceipvistaalegre\/infantil\/castanyada-educacio-infantil\/","title":{"rendered":"CASTANYADA 2020"},"content":{"rendered":"<p><a href=\"https:\/\/agora.xtec.cat\/ceipvistaalegre\/wp-content\/uploads\/usu1936\/2020\/11\/castanyada.jpg\"><img loading=\"lazy\" decoding=\"async\" class=\"wp-image-3215 aligncenter\" src=\"https:\/\/agora.xtec.cat\/ceipvistaalegre\/wp-content\/uploads\/usu1936\/2020\/11\/castanyada.jpg\" alt=\"\" width=\"283\" height=\"166\" \/><\/a><\/p>\n<p>El divendres 30 d&#8217;octubre vam celebrar la Castanyada a la nostra escola.<\/p>\n<p>Al mat\u00ed vam tenir la visita d&#8217;en Pepet, el castanyer m\u00e9s simp\u00e0tic del Montseny. Els nens i nenes d&#8217;educaci\u00f3 infantil i cicle inicial vam poder parlar amb ell una estona. Va explicar moltes coses del bosc, de les castanyes, dels bolets, dels castanyers, de la Maria castanyera i del seu gatet, en Marrameu. Tots i totes est\u00e0vem molt contents i\u00a0 li vam cantar can\u00e7ons i dites de tardor.<\/p>\n<p>A la tarda vam venir disfressats de castanyers i castanyeres. A les classes es van fer diferents activitats: danses, balls, jocs&#8230;<\/p>\n<p>Despr\u00e9s els nens i nenes d&#8217;educaci\u00f3 infantil vam sortir al pati a menjar castanyes torrades. Eren bon\u00edssimes!!!<\/p>\n<p>Vam passar un dia molt bonic.<\/p>\n<p>Us compartim algunes fotos dels nens i nenes <strong>d&#8217;educaci\u00f3 infantil<\/strong>, d&#8217;aquest gran dia.<\/p>\n<p><a href=\"https:\/\/drive.google.com\/drive\/folders\/1aXTnDJid4-PXWtYe1VtATNNgGiVzcz0d?usp=sharing\">FOTOS P3<\/a><\/p>\n<p><a href=\"https:\/\/drive.google.com\/drive\/folders\/1-IdzL9wS89Kwhm63keMdFg22cb3Z6H_E?usp=sharing\">FOTOS P4<\/a><\/p>\n<p><a href=\"https:\/\/drive.google.com\/drive\/folders\/1Uly67k5Nc2wnmGLxzE2lbNT6tGxSUZVl?usp=sharing\">FOTOS P5<\/a><a href=\"https:\/\/agora.xtec.cat\/ceipvistaalegre\/wp-content\/uploads\/usu1936\/2020\/11\/castanyada-camp-dels-pilans-visitlescala.jpg\"><img loading=\"lazy\" decoding=\"async\" class=\" wp-image-3216 aligncenter\" src=\"https:\/\/agora.xtec.cat\/ceipvistaalegre\/wp-content\/uploads\/usu1936\/2020\/11\/castanyada-camp-dels-pilans-visitlescala.jpg\" alt=\"\" width=\"322\" height=\"212\" \/><\/a><\/p>\n","protected":false},"excerpt":{"rendered":"<p><a href=\"https:\/\/agora.xtec.cat\/ceipvistaalegre\/wp-content\/uploads\/usu1936\/2020\/11\/castanyada.jpg\"><\/a><br \/>\nEl divendres 30 d&#8217;octubre vam celebrar la Castanyada a la nostra escola.<br \/>\nAl mat\u00ed vam tenir la visita d&#8217;en Pepet, el castanyer m\u00e9s simp\u00e0tic del Montseny. Els nens i nenes d&#8217;educaci\u00f3 infantil i cicle inicial vam poder parlar amb ell una estona. Va explicar moltes&hellip;  <a href=\"https:\/\/agora.xtec.cat\/ceipvistaalegre\/infantil\/castanyada-educacio-infantil\/\" title=\"Read CASTANYADA 2020\">Llegeix m\u00e9s\u00bb<\/a><\/p>\n","protected":false},"author":15,"featured_media":0,"comment_status":"open","ping_status":"closed","sticky":false,"template":"","format":"standard","meta":{"_bbp_topic_count":0,"_bbp_reply_count":0,"_bbp_total_topic_count":0,"_bbp_total_reply_count":0,"_bbp_voice_count":0,"_bbp_anonymous_reply_count":0,"_bbp_topic_count_hidden":0,"_bbp_reply_count_hidden":0,"_bbp_forum_subforum_count":0,"footnotes":""},"categories":[3,8,2,4],"tags":[155],"class_list":["post-3175","post","type-post","status-publish","format-standard","hentry","category-infantil-3-anys","category-infantil-4-anys","category-infantil","category-portada","tag-castanyada-2020"],"post_mailing_queue_ids":[],"_links":{"self":[{"href":"https:\/\/agora.xtec.cat\/ceipvistaalegre\/wp-json\/wp\/v2\/posts\/3175","targetHints":{"allow":["GET"]}}],"collection":[{"href":"https:\/\/agora.xtec.cat\/ceipvistaalegre\/wp-json\/wp\/v2\/posts"}],"about":[{"href":"https:\/\/agora.xtec.cat\/ceipvistaalegre\/wp-json\/wp\/v2\/types\/post"}],"author":[{"embeddable":true,"href":"https:\/\/agora.xtec.cat\/ceipvistaalegre\/wp-json\/wp\/v2\/users\/15"}],"replies":[{"embeddable":true,"href":"https:\/\/agora.xtec.cat\/ceipvistaalegre\/wp-json\/wp\/v2\/comments?post=3175"}],"version-history":[{"count":3,"href":"https:\/\/agora.xtec.cat\/ceipvistaalegre\/wp-json\/wp\/v2\/posts\/3175\/revisions"}],"predecessor-version":[{"id":3217,"href":"https:\/\/agora.xtec.cat\/ceipvistaalegre\/wp-json\/wp\/v2\/posts\/3175\/revisions\/3217"}],"wp:attachment":[{"href":"https:\/\/agora.xtec.cat\/ceipvistaalegre\/wp-json\/wp\/v2\/media?parent=3175"}],"wp:term":[{"taxonomy":"category","embeddable":true,"href":"https:\/\/agora.xtec.cat\/ceipvistaalegre\/wp-json\/wp\/v2\/categories?post=3175"},{"taxonomy":"post_tag","embeddable":true,"href":"https:\/\/agora.xtec.cat\/ceipvistaalegre\/wp-json\/wp\/v2\/tags?post=3175"}],"curies":[{"name":"wp","href":"https:\/\/api.w.org\/{rel}","templated":true}]}}