{"id":3054,"date":"2020-10-13T19:15:02","date_gmt":"2020-10-13T17:15:02","guid":{"rendered":"https:\/\/agora.xtec.cat\/ceipvistaalegre\/?p=3054"},"modified":"2020-11-09T15:14:37","modified_gmt":"2020-11-09T14:14:37","slug":"hem-comencat-lhort","status":"publish","type":"post","link":"https:\/\/agora.xtec.cat\/ceipvistaalegre\/general\/hem-comencat-lhort\/","title":{"rendered":"HEM COMEN\u00c7AT L&#8217;HORT!!!"},"content":{"rendered":"<p>Hola Fam\u00edlies,<\/p>\n<p>Els nens i les nenes de l&#8217;escola Vista Alegre hem engegat amb moltes ganes el nostre hort.<\/p>\n<p>Primer hem tret les herbes i hem remenat la terra, i quan ja estava preparada hem comen\u00e7at a plantar les verdures.<\/p>\n<p>Els alumnes d&#8217;Educaci\u00f3 Infantil han plantat p\u00e8sols i porros.<\/p>\n<p>Els alumnes de Cicle Inicial han plantat br\u00f2quils.<\/p>\n<p>Els alumnes de tercer de Cicle Mitj\u00e0 han plantat espinacs i els de quart cebes tendres.<\/p>\n<p>I els alumnes de Cicle Superior escaroles.<\/p>\n<p>Cada dia un curs s&#8217;encarrega de regar i de mantenir net el nostre hort. Ara ens toca cuidar-lo amb estima i cura perqu\u00e8 puguem tenir una bona collita.<\/p>\n<p>Volem agrair la col\u00b7laboraci\u00f3 de la Vanesa, mare de l&#8217;escola, que cada any ens porta les verdures de manera gratu\u00efta. Moltes gr\u00e0cies!!<\/p>\n<p><a href=\"https:\/\/drive.google.com\/drive\/folders\/1IrYXrFf0ITKFgfLa2RxxPSwH5SOr4U3J?usp=sharing\">FOTOS HORT<\/a><a href=\"https:\/\/agora.xtec.cat\/ceipvistaalegre\/wp-content\/uploads\/usu1936\/2020\/10\/mini_IMG_20200930_153241.jpg\"><img loading=\"lazy\" decoding=\"async\" class=\"wp-image-3043 aligncenter\" src=\"https:\/\/agora.xtec.cat\/ceipvistaalegre\/wp-content\/uploads\/usu1936\/2020\/10\/mini_IMG_20200930_153241-1024x768.jpg\" alt=\"\" width=\"344\" height=\"258\" \/><\/a><\/p>\n<p>&nbsp;<\/p>\n","protected":false},"excerpt":{"rendered":"<p>Hola Fam\u00edlies,<br \/>\nEls nens i les nenes de l&#8217;escola Vista Alegre hem engegat amb moltes ganes el nostre hort.<br \/>\nPrimer hem tret les herbes i hem remenat la terra, i quan ja estava preparada hem comen\u00e7at a plantar les verdures.<br \/>\nEls alumnes d&#8217;Educaci\u00f3 Infantil han plantat p\u00e8sols i&hellip;  <a href=\"https:\/\/agora.xtec.cat\/ceipvistaalegre\/general\/hem-comencat-lhort\/\" title=\"Read HEM COMEN\u00c7AT L&#8217;HORT!!!\">Llegeix m\u00e9s\u00bb<\/a><\/p>\n","protected":false},"author":15,"featured_media":0,"comment_status":"open","ping_status":"closed","sticky":false,"template":"","format":"standard","meta":{"_bbp_topic_count":0,"_bbp_reply_count":0,"_bbp_total_topic_count":0,"_bbp_total_reply_count":0,"_bbp_voice_count":0,"_bbp_anonymous_reply_count":0,"_bbp_topic_count_hidden":0,"_bbp_reply_count_hidden":0,"_bbp_forum_subforum_count":0,"footnotes":""},"categories":[10,11,12,13,14,15,1,3,8],"tags":[],"class_list":["post-3054","post","type-post","status-publish","format-standard","hentry","category-1r","category-2n","category-la-classe-dels-pirates","category-4t","category-5e","category-6e","category-general","category-infantil-3-anys","category-infantil-4-anys"],"post_mailing_queue_ids":[],"_links":{"self":[{"href":"https:\/\/agora.xtec.cat\/ceipvistaalegre\/wp-json\/wp\/v2\/posts\/3054","targetHints":{"allow":["GET"]}}],"collection":[{"href":"https:\/\/agora.xtec.cat\/ceipvistaalegre\/wp-json\/wp\/v2\/posts"}],"about":[{"href":"https:\/\/agora.xtec.cat\/ceipvistaalegre\/wp-json\/wp\/v2\/types\/post"}],"author":[{"embeddable":true,"href":"https:\/\/agora.xtec.cat\/ceipvistaalegre\/wp-json\/wp\/v2\/users\/15"}],"replies":[{"embeddable":true,"href":"https:\/\/agora.xtec.cat\/ceipvistaalegre\/wp-json\/wp\/v2\/comments?post=3054"}],"version-history":[{"count":3,"href":"https:\/\/agora.xtec.cat\/ceipvistaalegre\/wp-json\/wp\/v2\/posts\/3054\/revisions"}],"predecessor-version":[{"id":3101,"href":"https:\/\/agora.xtec.cat\/ceipvistaalegre\/wp-json\/wp\/v2\/posts\/3054\/revisions\/3101"}],"wp:attachment":[{"href":"https:\/\/agora.xtec.cat\/ceipvistaalegre\/wp-json\/wp\/v2\/media?parent=3054"}],"wp:term":[{"taxonomy":"category","embeddable":true,"href":"https:\/\/agora.xtec.cat\/ceipvistaalegre\/wp-json\/wp\/v2\/categories?post=3054"},{"taxonomy":"post_tag","embeddable":true,"href":"https:\/\/agora.xtec.cat\/ceipvistaalegre\/wp-json\/wp\/v2\/tags?post=3054"}],"curies":[{"name":"wp","href":"https:\/\/api.w.org\/{rel}","templated":true}]}}