{"id":2988,"date":"2020-09-30T09:58:43","date_gmt":"2020-09-30T07:58:43","guid":{"rendered":"https:\/\/agora.xtec.cat\/ceipvistaalegre\/?p=2988"},"modified":"2020-10-21T12:06:48","modified_gmt":"2020-10-21T10:06:48","slug":"reunions-daula","status":"publish","type":"post","link":"https:\/\/agora.xtec.cat\/ceipvistaalegre\/general\/reunions-daula\/","title":{"rendered":"Reunions d&#8217;aula"},"content":{"rendered":"<p><a href=\"https:\/\/agora.xtec.cat\/ceipvistaalegre\/wp-content\/uploads\/usu1936\/2020\/09\/IMG_20200929_183503_896.jpg\"><img loading=\"lazy\" decoding=\"async\" class=\"wp-image-2989 aligncenter\" src=\"https:\/\/agora.xtec.cat\/ceipvistaalegre\/wp-content\/uploads\/usu1936\/2020\/09\/IMG_20200929_183503_896.jpg\" alt=\"\" width=\"332\" height=\"332\" \/><\/a><\/p>\n<h4 style=\"text-align: center;\"><strong>Educaci\u00f3 Infantil 3 anys &#8211; 26 d&#8217;octubre a les 17:00 h<\/strong><\/h4>\n<h4 style=\"text-align: center;\"><strong>Educaci\u00f3 Infantil 4 anys &#8211; 20 d&#8217;octubre a les 17:00 h<\/strong><\/h4>\n<h4 style=\"text-align: center;\"><strong>Educaci\u00f3 Infantil 5 anys &#8211; 19 d&#8217;octubre a les 17:00 h<\/strong><\/h4>\n<h4 style=\"text-align: center;\"><strong>1r d&#8217;Educaci\u00f3 Prim\u00e0ria &#8211; 8 d&#8217;octubre a les 18:00 h<\/strong><\/h4>\n<h4 style=\"text-align: center;\"><strong>2n d&#8217;Educaci\u00f3 Prim\u00e0ria &#8211; 7 d&#8217;octubre a les 18:00 h<\/strong><\/h4>\n<h4 style=\"text-align: center;\"><strong>3r d&#8217;Educaci\u00f3 Prim\u00e0ria &#8211; 14 d&#8217;octubre a les 18:00 h<\/strong><\/h4>\n<h4 style=\"text-align: center;\"><strong>4t d&#8217;Educaci\u00f3 Prim\u00e0ria &#8211; 5 d&#8217;octubre a les 18:00 h<\/strong><\/h4>\n<h4 style=\"text-align: center;\"><strong>5\u00e8 d&#8217;Educaci\u00f3 Prim\u00e0ria &#8211; 6 d&#8217;octubre a les 18:00 h<\/strong><\/h4>\n<h4 style=\"text-align: center;\"><strong>6\u00e8 d&#8217;Educaci\u00f3 Prim\u00e0ria &#8211; 13 d&#8217;octubre a les 18:00 h<\/strong><\/h4>\n<p>&nbsp;<\/p>\n<p style=\"text-align: center;\"><em>Les reunions es faran a trav\u00e9s de l&#8217;enlla\u00e7 Meet.<\/em><\/p>\n<h4 style=\"text-align: center;\"><\/h4>\n","protected":false},"excerpt":{"rendered":"<p><a href=\"https:\/\/agora.xtec.cat\/ceipvistaalegre\/wp-content\/uploads\/usu1936\/2020\/09\/IMG_20200929_183503_896.jpg\"><\/a><br \/>\nEducaci\u00f3 Infantil 3 anys &#8211; 26 d&#8217;octubre a les 17:00 h<br \/>\nEducaci\u00f3 Infantil 4 anys &#8211; 20 d&#8217;octubre a les 17:00 h<br \/>\nEducaci\u00f3 Infantil 5 anys &#8211; 19 d&#8217;octubre a les 17:00 h<br \/>\n1r d&#8217;Educaci\u00f3 Prim\u00e0ria &#8211; 8 d&#8217;octubre a les 18:00 h<br \/>\n2n d&#8217;Educaci\u00f3 Prim\u00e0ria &#8211; 7&hellip;  <a href=\"https:\/\/agora.xtec.cat\/ceipvistaalegre\/general\/reunions-daula\/\" title=\"Read Reunions d&#8217;aula\">Llegeix m\u00e9s\u00bb<\/a><\/p>\n","protected":false},"author":3,"featured_media":0,"comment_status":"open","ping_status":"closed","sticky":false,"template":"","format":"standard","meta":{"_bbp_topic_count":0,"_bbp_reply_count":0,"_bbp_total_topic_count":0,"_bbp_total_reply_count":0,"_bbp_voice_count":0,"_bbp_anonymous_reply_count":0,"_bbp_topic_count_hidden":0,"_bbp_reply_count_hidden":0,"_bbp_forum_subforum_count":0,"footnotes":""},"categories":[1,4],"tags":[],"class_list":["post-2988","post","type-post","status-publish","format-standard","hentry","category-general","category-portada"],"post_mailing_queue_ids":[],"_links":{"self":[{"href":"https:\/\/agora.xtec.cat\/ceipvistaalegre\/wp-json\/wp\/v2\/posts\/2988","targetHints":{"allow":["GET"]}}],"collection":[{"href":"https:\/\/agora.xtec.cat\/ceipvistaalegre\/wp-json\/wp\/v2\/posts"}],"about":[{"href":"https:\/\/agora.xtec.cat\/ceipvistaalegre\/wp-json\/wp\/v2\/types\/post"}],"author":[{"embeddable":true,"href":"https:\/\/agora.xtec.cat\/ceipvistaalegre\/wp-json\/wp\/v2\/users\/3"}],"replies":[{"embeddable":true,"href":"https:\/\/agora.xtec.cat\/ceipvistaalegre\/wp-json\/wp\/v2\/comments?post=2988"}],"version-history":[{"count":1,"href":"https:\/\/agora.xtec.cat\/ceipvistaalegre\/wp-json\/wp\/v2\/posts\/2988\/revisions"}],"predecessor-version":[{"id":2990,"href":"https:\/\/agora.xtec.cat\/ceipvistaalegre\/wp-json\/wp\/v2\/posts\/2988\/revisions\/2990"}],"wp:attachment":[{"href":"https:\/\/agora.xtec.cat\/ceipvistaalegre\/wp-json\/wp\/v2\/media?parent=2988"}],"wp:term":[{"taxonomy":"category","embeddable":true,"href":"https:\/\/agora.xtec.cat\/ceipvistaalegre\/wp-json\/wp\/v2\/categories?post=2988"},{"taxonomy":"post_tag","embeddable":true,"href":"https:\/\/agora.xtec.cat\/ceipvistaalegre\/wp-json\/wp\/v2\/tags?post=2988"}],"curies":[{"name":"wp","href":"https:\/\/api.w.org\/{rel}","templated":true}]}}