{"id":2963,"date":"2020-08-11T10:00:02","date_gmt":"2020-08-11T08:00:02","guid":{"rendered":"https:\/\/agora.xtec.cat\/ceipvistaalegre\/?p=2963"},"modified":"2020-08-11T10:00:02","modified_gmt":"2020-08-11T08:00:02","slug":"ajuts-per-a-alumnes-amb-necessitat-especifica-de-suport-educatiu","status":"publish","type":"post","link":"https:\/\/agora.xtec.cat\/ceipvistaalegre\/general\/ajuts-per-a-alumnes-amb-necessitat-especifica-de-suport-educatiu\/","title":{"rendered":"Ajuts per a alumnes amb necessitat espec\u00edfica de suport educatiu"},"content":{"rendered":"<p>Els alumnes escolaritzats en centres educatius que acreditin la necessitat espec\u00edfica de rebre suport educatiu i reuneixin els requisits establerts, poden tramitar els ajuts individualitzats convocats pel Ministeri d&#8217;Educaci\u00f3 i Formaci\u00f3 Professional per a alumnes amb necessitat espec\u00edfica de suport educatiu.<\/p>\n<p>El termini per presentar la sol\u00b7licitud \u00e9s del 9 d&#8217;agost al 30 de setembre.<\/p>\n<p>Trobareu tota la informaci\u00f3 als seg\u00fcents enlla\u00e7os:<\/p>\n<p><a href=\"http:\/\/ensenyament.gencat.cat\/ca\/tramits\/tramits-temes\/358-ajuts-ministerio-NEE?category=&amp;evolutiuTramit=1\">http:\/\/ensenyament.gencat.cat\/ca\/tramits\/tramits-temes\/358-ajuts-ministerio-NEE?category=&amp;evolutiuTramit=1<\/a><\/p>\n<p><a href=\"http:\/\/www.educacionyfp.gob.es\/contenidos\/estudiantes\/educacion-infantil\/becas-ayudas-premios\/necesidad-especifica-apoyo-educativo.html\">http:\/\/www.educacionyfp.gob.es\/contenidos\/estudiantes\/educacion-infantil\/becas-ayudas-premios\/necesidad-especifica-apoyo-educativo.html<\/a><\/p>\n<p><img loading=\"lazy\" decoding=\"async\" class=\"aligncenter\" src=\"https:\/\/i1.wp.com\/www.cesaplorca.com\/wp-content\/uploads\/blog7.png?fit=1299%2C866&amp;ssl=1\" alt=\"Mi hijo puede optar a una Beca para N.E.E.? - CESAPLORCA\" width=\"647\" height=\"431\" \/><\/p>\n","protected":false},"excerpt":{"rendered":"<p>Els alumnes escolaritzats en centres educatius que acreditin la necessitat espec\u00edfica de rebre suport educatiu i reuneixin els requisits establerts, poden tramitar els ajuts individualitzats convocats pel Ministeri d&#8217;Educaci\u00f3 i Formaci\u00f3 Professional per a alumnes amb necessitat espec\u00edfica de suport educatiu.<br \/>\nEl termini per presentar la&hellip;  <a href=\"https:\/\/agora.xtec.cat\/ceipvistaalegre\/general\/ajuts-per-a-alumnes-amb-necessitat-especifica-de-suport-educatiu\/\" title=\"Read Ajuts per a alumnes amb necessitat espec\u00edfica de suport educatiu\">Llegeix m\u00e9s\u00bb<\/a><\/p>\n","protected":false},"author":3,"featured_media":0,"comment_status":"open","ping_status":"closed","sticky":false,"template":"","format":"standard","meta":{"_bbp_topic_count":0,"_bbp_reply_count":0,"_bbp_total_topic_count":0,"_bbp_total_reply_count":0,"_bbp_voice_count":0,"_bbp_anonymous_reply_count":0,"_bbp_topic_count_hidden":0,"_bbp_reply_count_hidden":0,"_bbp_forum_subforum_count":0,"footnotes":""},"categories":[1,4],"tags":[],"class_list":["post-2963","post","type-post","status-publish","format-standard","hentry","category-general","category-portada"],"post_mailing_queue_ids":[],"_links":{"self":[{"href":"https:\/\/agora.xtec.cat\/ceipvistaalegre\/wp-json\/wp\/v2\/posts\/2963","targetHints":{"allow":["GET"]}}],"collection":[{"href":"https:\/\/agora.xtec.cat\/ceipvistaalegre\/wp-json\/wp\/v2\/posts"}],"about":[{"href":"https:\/\/agora.xtec.cat\/ceipvistaalegre\/wp-json\/wp\/v2\/types\/post"}],"author":[{"embeddable":true,"href":"https:\/\/agora.xtec.cat\/ceipvistaalegre\/wp-json\/wp\/v2\/users\/3"}],"replies":[{"embeddable":true,"href":"https:\/\/agora.xtec.cat\/ceipvistaalegre\/wp-json\/wp\/v2\/comments?post=2963"}],"version-history":[{"count":1,"href":"https:\/\/agora.xtec.cat\/ceipvistaalegre\/wp-json\/wp\/v2\/posts\/2963\/revisions"}],"predecessor-version":[{"id":2964,"href":"https:\/\/agora.xtec.cat\/ceipvistaalegre\/wp-json\/wp\/v2\/posts\/2963\/revisions\/2964"}],"wp:attachment":[{"href":"https:\/\/agora.xtec.cat\/ceipvistaalegre\/wp-json\/wp\/v2\/media?parent=2963"}],"wp:term":[{"taxonomy":"category","embeddable":true,"href":"https:\/\/agora.xtec.cat\/ceipvistaalegre\/wp-json\/wp\/v2\/categories?post=2963"},{"taxonomy":"post_tag","embeddable":true,"href":"https:\/\/agora.xtec.cat\/ceipvistaalegre\/wp-json\/wp\/v2\/tags?post=2963"}],"curies":[{"name":"wp","href":"https:\/\/api.w.org\/{rel}","templated":true}]}}