{"id":2957,"date":"2020-07-22T15:32:18","date_gmt":"2020-07-22T13:32:18","guid":{"rendered":"https:\/\/agora.xtec.cat\/ceipvistaalegre\/?p=2957"},"modified":"2020-07-22T15:32:18","modified_gmt":"2020-07-22T13:32:18","slug":"informacio-coronavirus-ajuntament-de-mataro","status":"publish","type":"post","link":"https:\/\/agora.xtec.cat\/ceipvistaalegre\/general\/informacio-coronavirus-ajuntament-de-mataro\/","title":{"rendered":"Informaci\u00f3 coronavirus &#8211; Ajuntament de Matar\u00f3"},"content":{"rendered":"<p>En el marc actual d\u2019estat d\u2019alerta del Pla d\u2019emerg\u00e8ncia municipal i els protocols d\u2019actuaci\u00f3 en relaci\u00f3 a la pand\u00e8mia de la Covid-19, i davant de la tend\u00e8ncia a l\u2019al\u00e7a de casos positius detectats a Matar\u00f3, l\u2019Ajuntament ha decretat un<a href=\"https:\/\/www.mataro.cat\/ca\/temes\/coronavirus\/fases-de-desconfinament\/fase-de-represa\" data-val=\"2c47ef3c34c449dbb47b1e8cddfc8840\" data-linktype=\"internal\"> seguit de mesures de protecci\u00f3<\/a> i organitzatives per prevenir el risc de transmissi\u00f3 del coronavirus.<\/p>\n<p><strong>Recordeu les mesures de protecci\u00f3 individual<\/strong><\/p>\n<ul>\n<li>Mantenir la dist\u00e0ncia f\u00edsica personal de seguretat de 2 metres<\/li>\n<li>\u00das de mascareta<\/li>\n<li>Rentat freq\u00fcent de mans.<\/li>\n<\/ul>\n<p><iframe loading=\"lazy\" title=\"Mascareta, dist\u00e0ncia, mans\" width=\"500\" height=\"375\" src=\"https:\/\/www.youtube.com\/embed\/cbhxcdBp3iI?feature=oembed\" frameborder=\"0\" allow=\"accelerometer; autoplay; clipboard-write; encrypted-media; gyroscope; picture-in-picture; web-share\" referrerpolicy=\"strict-origin-when-cross-origin\" allowfullscreen><\/iframe><\/p>\n<p><strong>Evitar un rebrot \u00e9s responsabilitat de tothom<\/strong><\/p>\n<p>Per qualsevol dubte us podeu posar en contacte amb el Xat d\u2019Atenci\u00f3 Ciutadana o el Tel\u00e8fon d\u2019Atenci\u00f3 Ciutadana 010 gratu\u00eft. De dilluns a divendres de 8 a 19 h o al 900 859 009 si truqueu fora de Matar\u00f3.<\/p>\n<p>L\u2019Ajuntament de Matar\u00f3 ha anat adaptant les mesures i recomanacions segons el Pla B\u00e0sic d\u2019Emerg\u00e8ncies Municipal que est\u00e0 actiu en fase 1 i en coordinaci\u00f3 amb l\u2019estat d\u2019alarma decretat pel Govern de l\u2019Estat i la fase d\u2019emerg\u00e8ncia del Pla de Protecci\u00f3 Civil de Catalunya.<\/p>\n<p><a href=\"https:\/\/agora.xtec.cat\/ceipvistaalegre\/wp-content\/uploads\/usu1936\/2020\/07\/logo-vector-ajuntament-de-mataro_0.jpg\"><img loading=\"lazy\" decoding=\"async\" class=\"wp-image-2958 aligncenter\" src=\"https:\/\/agora.xtec.cat\/ceipvistaalegre\/wp-content\/uploads\/usu1936\/2020\/07\/logo-vector-ajuntament-de-mataro_0.jpg\" alt=\"\" width=\"256\" height=\"130\" \/><\/a><\/p>\n","protected":false},"excerpt":{"rendered":"<p>En el marc actual d\u2019estat d\u2019alerta del Pla d\u2019emerg\u00e8ncia municipal i els protocols d\u2019actuaci\u00f3 en relaci\u00f3 a la pand\u00e8mia de la Covid-19, i davant de la tend\u00e8ncia a l\u2019al\u00e7a de casos positius detectats a Matar\u00f3, l\u2019Ajuntament ha decretat un<a href=\"https:\/\/www.mataro.cat\/ca\/temes\/coronavirus\/fases-de-desconfinament\/fase-de-represa\" data-val=\"2c47ef3c34c449dbb47b1e8cddfc8840\" data-linktype=\"internal\"> seguit de mesures&hellip;  <a href=\"https:\/\/agora.xtec.cat\/ceipvistaalegre\/general\/informacio-coronavirus-ajuntament-de-mataro\/\" title=\"Read Informaci\u00f3 coronavirus &#8211; Ajuntament de Matar\u00f3\">Llegeix m\u00e9s\u00bb<\/a><\/p>\n","protected":false},"author":3,"featured_media":0,"comment_status":"open","ping_status":"closed","sticky":false,"template":"","format":"standard","meta":{"_bbp_topic_count":0,"_bbp_reply_count":0,"_bbp_total_topic_count":0,"_bbp_total_reply_count":0,"_bbp_voice_count":0,"_bbp_anonymous_reply_count":0,"_bbp_topic_count_hidden":0,"_bbp_reply_count_hidden":0,"_bbp_forum_subforum_count":0,"footnotes":""},"categories":[1,4],"tags":[146],"class_list":["post-2957","post","type-post","status-publish","format-standard","hentry","category-general","category-portada","tag-ajuntamentdemataro-responsabilitat-covid19"],"post_mailing_queue_ids":[],"_links":{"self":[{"href":"https:\/\/agora.xtec.cat\/ceipvistaalegre\/wp-json\/wp\/v2\/posts\/2957","targetHints":{"allow":["GET"]}}],"collection":[{"href":"https:\/\/agora.xtec.cat\/ceipvistaalegre\/wp-json\/wp\/v2\/posts"}],"about":[{"href":"https:\/\/agora.xtec.cat\/ceipvistaalegre\/wp-json\/wp\/v2\/types\/post"}],"author":[{"embeddable":true,"href":"https:\/\/agora.xtec.cat\/ceipvistaalegre\/wp-json\/wp\/v2\/users\/3"}],"replies":[{"embeddable":true,"href":"https:\/\/agora.xtec.cat\/ceipvistaalegre\/wp-json\/wp\/v2\/comments?post=2957"}],"version-history":[{"count":1,"href":"https:\/\/agora.xtec.cat\/ceipvistaalegre\/wp-json\/wp\/v2\/posts\/2957\/revisions"}],"predecessor-version":[{"id":2960,"href":"https:\/\/agora.xtec.cat\/ceipvistaalegre\/wp-json\/wp\/v2\/posts\/2957\/revisions\/2960"}],"wp:attachment":[{"href":"https:\/\/agora.xtec.cat\/ceipvistaalegre\/wp-json\/wp\/v2\/media?parent=2957"}],"wp:term":[{"taxonomy":"category","embeddable":true,"href":"https:\/\/agora.xtec.cat\/ceipvistaalegre\/wp-json\/wp\/v2\/categories?post=2957"},{"taxonomy":"post_tag","embeddable":true,"href":"https:\/\/agora.xtec.cat\/ceipvistaalegre\/wp-json\/wp\/v2\/tags?post=2957"}],"curies":[{"name":"wp","href":"https:\/\/api.w.org\/{rel}","templated":true}]}}