{"id":2943,"date":"2020-07-08T08:07:39","date_gmt":"2020-07-08T06:07:39","guid":{"rendered":"https:\/\/agora.xtec.cat\/ceipvistaalegre\/?p=2943"},"modified":"2020-07-22T15:33:05","modified_gmt":"2020-07-22T13:33:05","slug":"matricula-curs-20-21","status":"publish","type":"post","link":"https:\/\/agora.xtec.cat\/ceipvistaalegre\/general\/matricula-curs-20-21\/","title":{"rendered":"Matr\u00edcula curs 20\/21"},"content":{"rendered":"<p><a href=\"https:\/\/agora.xtec.cat\/ceipvistaalegre\/wp-content\/uploads\/usu1936\/2020\/07\/Screenshot_20200708_075242.jpg\"><img loading=\"lazy\" decoding=\"async\" class=\"wp-image-2944 aligncenter\" src=\"https:\/\/agora.xtec.cat\/ceipvistaalegre\/wp-content\/uploads\/usu1936\/2020\/07\/Screenshot_20200708_075242-895x1024.jpg\" alt=\"\" width=\"283\" height=\"324\" \/><\/a><\/p>\n<p><span style=\"font-family: inherit; font-size: 1em; line-height: 1.6;\">Els<\/span><strong style=\"font-family: inherit; font-size: 1em; line-height: 1.6;\">\u00a0alumnes als que s&#8217;ha assignat pla\u00e7a al nostre centre en el proc\u00e9s de preinscripci\u00f3<\/strong><span style=\"font-family: inherit; font-size: 1em; line-height: 1.6;\"> han de formalitzar-la.<\/span><span style=\"font-family: inherit; font-size: 1em; line-height: 1.6;\">\u00a0Els que no ho facin en el per\u00edode establert (del 13 al 17 de juliol) es considera que renuncien a la pla\u00e7a adjudicada, llevat que sigui per causes justificades.<\/span><\/p>\n<p>Des de l&#8217;escola, ens posarem en contacte a trav\u00e9s del tel\u00e8fon i correu electr\u00f2nic amb les fam\u00edlies per gestionar aquest tr\u00e0mit. Es donaran cites pr\u00e8vies i presencials.<\/p>\n<p><strong>Donada la situaci\u00f3 pel COVID19, nom\u00e9s podr\u00e0 venir una persona a formalitzar la matr\u00edcula, seguint les seg\u00fcents indicacions: \u00fas de mascareta, neteja de mans amb gel hidroalcoh\u00f2lic a l&#8217;entrada i mantenir la dist\u00e0ncia de seguretat.<\/strong><\/p>\n<p>A m\u00e9s de la documentaci\u00f3 aportada amb la sol\u00b7licitud de preinscripci\u00f3, per matricular-se cal presentar:<\/p>\n<ol>\n<li>El <strong>carnet de vacunacions<\/strong> on constin les dosis de vacunes rebudes i les dates corresponents.<br \/>\n&#8211; Si no es t\u00e9 carnet de vacunacions cal presentar un certificat m\u00e8dic oficial o el carnet de salut amb les dosis de vacuna rebudes i les dates corresponents.<br \/>\n&#8211; Si el nen o la nena no han estat vacunats per indicaci\u00f3 m\u00e8dica o per altres circumst\u00e0ncies, cal presentar un certificat m\u00e8dic oficial justificatiu.<\/li>\n<li>Quan el domicili al\u00b7legat a la sol\u00b7licitud de preinscripci\u00f3 no coincideixi amb el domicili del DNI cal presentar <strong>el DNI renovat<\/strong> amb la nova adre\u00e7a.<\/li>\n<\/ol>\n<p>3. <strong>4 fotografies<\/strong> tamany carnet del nen\/a.<\/p>\n<p><em>La falsedat o el frau en les dades al\u00b7legades o en la documentaci\u00f3 aportada comporta la invalidaci\u00f3 dels drets de prioritat i fins i tot, si escau, la p\u00e8rdua de la pla\u00e7a assignada. El Departament d&#8217;Educaci\u00f3 comunica a l&#8217;autoritat competent el fet perqu\u00e8 aquesta adopti les mesures oportunes en relaci\u00f3 amb la responsabilitat que correspongui, tant al sol\u00b7licitant com a la persona que hagi em\u00e8s la documentaci\u00f3 acreditativa.<\/em><\/p>\n<p><em>Els alumnes que compleixen els requisits acad\u00e8mics en el moment de la matr\u00edcula per\u00f2 que per causes justificades no poden aportar la documentaci\u00f3 acreditativa corresponent, se&#8217;ls matricula condicionalment.<\/em><\/p>\n","protected":false},"excerpt":{"rendered":"<p><a href=\"https:\/\/agora.xtec.cat\/ceipvistaalegre\/wp-content\/uploads\/usu1936\/2020\/07\/Screenshot_20200708_075242.jpg\"><\/a><br \/>\nEls\u00a0alumnes als que s&#8217;ha assignat pla\u00e7a al nostre centre en el proc\u00e9s de preinscripci\u00f3 han de formalitzar-la.\u00a0Els que no ho facin en el per\u00edode establert (del 13 al 17 de juliol) es considera que renuncien a la pla\u00e7a adjudicada, llevat que sigui per causes&hellip;  <a href=\"https:\/\/agora.xtec.cat\/ceipvistaalegre\/general\/matricula-curs-20-21\/\" title=\"Read Matr\u00edcula curs 20\/21\">Llegeix m\u00e9s\u00bb<\/a><\/p>\n","protected":false},"author":3,"featured_media":0,"comment_status":"open","ping_status":"closed","sticky":false,"template":"","format":"standard","meta":{"_bbp_topic_count":0,"_bbp_reply_count":0,"_bbp_total_topic_count":0,"_bbp_total_reply_count":0,"_bbp_voice_count":0,"_bbp_anonymous_reply_count":0,"_bbp_topic_count_hidden":0,"_bbp_reply_count_hidden":0,"_bbp_forum_subforum_count":0,"footnotes":""},"categories":[1,4],"tags":[145],"class_list":["post-2943","post","type-post","status-publish","format-standard","hentry","category-general","category-portada","tag-calendari-matricula-curs20-21"],"post_mailing_queue_ids":[],"_links":{"self":[{"href":"https:\/\/agora.xtec.cat\/ceipvistaalegre\/wp-json\/wp\/v2\/posts\/2943","targetHints":{"allow":["GET"]}}],"collection":[{"href":"https:\/\/agora.xtec.cat\/ceipvistaalegre\/wp-json\/wp\/v2\/posts"}],"about":[{"href":"https:\/\/agora.xtec.cat\/ceipvistaalegre\/wp-json\/wp\/v2\/types\/post"}],"author":[{"embeddable":true,"href":"https:\/\/agora.xtec.cat\/ceipvistaalegre\/wp-json\/wp\/v2\/users\/3"}],"replies":[{"embeddable":true,"href":"https:\/\/agora.xtec.cat\/ceipvistaalegre\/wp-json\/wp\/v2\/comments?post=2943"}],"version-history":[{"count":1,"href":"https:\/\/agora.xtec.cat\/ceipvistaalegre\/wp-json\/wp\/v2\/posts\/2943\/revisions"}],"predecessor-version":[{"id":2945,"href":"https:\/\/agora.xtec.cat\/ceipvistaalegre\/wp-json\/wp\/v2\/posts\/2943\/revisions\/2945"}],"wp:attachment":[{"href":"https:\/\/agora.xtec.cat\/ceipvistaalegre\/wp-json\/wp\/v2\/media?parent=2943"}],"wp:term":[{"taxonomy":"category","embeddable":true,"href":"https:\/\/agora.xtec.cat\/ceipvistaalegre\/wp-json\/wp\/v2\/categories?post=2943"},{"taxonomy":"post_tag","embeddable":true,"href":"https:\/\/agora.xtec.cat\/ceipvistaalegre\/wp-json\/wp\/v2\/tags?post=2943"}],"curies":[{"name":"wp","href":"https:\/\/api.w.org\/{rel}","templated":true}]}}