{"id":2919,"date":"2020-07-06T18:12:37","date_gmt":"2020-07-06T16:12:37","guid":{"rendered":"https:\/\/agora.xtec.cat\/ceipvistaalegre\/?p=2919"},"modified":"2020-07-22T15:33:28","modified_gmt":"2020-07-22T13:33:28","slug":"entorn-virtual-daprenentatge-curs-20-21","status":"publish","type":"post","link":"https:\/\/agora.xtec.cat\/ceipvistaalegre\/general\/entorn-virtual-daprenentatge-curs-20-21\/","title":{"rendered":"Entorn virtual d&#8217;aprenentatge. Curs 20\/21"},"content":{"rendered":"<p><span style=\"font-weight: 400;\">Benvolgudes fam\u00edlies,\u00a0<\/span><\/p>\n<p><span style=\"font-weight: 400;\">Us comuniquem que a partir del proper curs, l&#8217;escola comen\u00e7ar\u00e0 a treballar amb un <strong>entorn virtual educatiu d&#8217;aprenentatge (EVEA)<\/strong>. Aquest \u00e9s un conjunt d&#8217;eines, aplicacions, serveis web, relacions i\/o interaccions que els alumnes utilitzaran per gestionar el seu propi proc\u00e9s d&#8217;aprenentatge de manera virtual.<\/span><\/p>\n<p><span style=\"font-weight: 400;\">Concretament, utilitzarem <strong>Google Suite for Education (G Suite)<\/strong>. G Suite per a centres educatius \u00e9s un conjunt d\u2019eines de Google, a m\u00e9s d\u2019altres serveis que Google permet afegir al paquet principal, per adapta<\/span><span style=\"font-weight: 400;\">r-lo a les necessitats dels centres i els seus usuaris.\u00a0<\/span><\/p>\n<p><strong>En el cas de la nostra escola, farem servir el correu Google propi del centre (@escolavistalegre.cat) i altres eines de Google: Drive, Calendar, documents, fulls de c\u00e0lcul\u2026 aix\u00ed com l&#8217;aula 2.0 (Google Classroom).<\/strong><\/p>\n<p><a href=\"https:\/\/agora.xtec.cat\/ceipvistaalegre\/wp-content\/uploads\/usu1936\/2020\/07\/GSuites-aplicacions.jpg\"><img loading=\"lazy\" decoding=\"async\" class=\"wp-image-2920 aligncenter\" src=\"https:\/\/agora.xtec.cat\/ceipvistaalegre\/wp-content\/uploads\/usu1936\/2020\/07\/GSuites-aplicacions.jpg\" alt=\"\" width=\"317\" height=\"198\" \/><\/a><br \/>\n<b><\/b><\/p>\n<p><b>Descripci\u00f3 del serveis<\/b><\/p>\n<p><span style=\"font-weight: 400;\">L&#8217;Escola Vista Alegre es compromet a utilitzar els serveis exclusivament d\u2019acord amb els prop\u00f2sits legals i pertinents a les finalitats educatives per a les quals s\u2019han contractat, i a protegir la privacitat dels usuaris d\u2019acord amb el que disposa la legislaci\u00f3 i les regulacions aplicables a Espanya en mat\u00e8ria de protecci\u00f3 de dades (el dret fonamental a la protecci\u00f3 de dades de car\u00e0cter personal es configura en l\u2019article 18.4 de la Constituci\u00f3 espanyola, i es desenvolupa en la Llei org\u00e0nica 15\/1999, de 13 de desembre, de protecci\u00f3 de dades de car\u00e0cter personal (LOPD), i en el reglament que la desenvolupa, i en el Reglament (UE) 2016\/679, del Parlament Europeu i del Consell, de 27 d\u2019abril de 2016, relatiu a la protecci\u00f3 de les persones f\u00edsiques pel que fa al tractament de dades personals i a la lliure circulaci\u00f3 d\u2019aquestes dades, juntament amb el\u00a0 Reial Decret Llei 5\/2018, de 27 de juliol, de mesures urgents per a l\u2019adaptaci\u00f3 del dret espanyol a la normativa de la Uni\u00f3 Europea en mat\u00e8ria de protecci\u00f3 de dades.<\/span><\/p>\n<p><span style=\"font-weight: 400;\">Els comptes de G Suite for Education s\u00f3n oferts per l\u2019escola amb l&#8217;objectiu de donar suport a les funcions de comunicaci\u00f3 de l&#8217;equip de mestres i alumnes, d&#8217;acord amb l&#8217;acord establert amb Google en activar el domini (@escolavistalegre.cat) a G Suite for Education.<\/span><\/p>\n<p><span style=\"font-weight: 400;\">Els serveis principals de G Suite for Education compleixen amb la llei de Drets Educatius de la Fam\u00edlia i privadesa (FERPA), no recopilen ni utilitzen dades dels alumnes amb fins publicitaris ni creen perfils d\u2019anuncis i no s\u2019analitzen els correus electr\u00f2nics de G Suite for Education amb finalitats publicit\u00e0ries.<\/span><\/p>\n<p><span style=\"font-weight: 400;\">Aquests comptes seran administrats per l\u2019escola Vista Alegre, i s&#8217;eliminaran quan l\u2019alumne\/a acabi la seva escolaritat al centre.<\/span><\/p>\n<p><span style=\"font-weight: 400;\">L\u2019escola Vista Alegre es reserva el dret a condicionar el desplegament de les diferents aplicacions Google segons els criteris metodol\u00f2gics i l&#8217;edat dels nens i nenes.\u00a0<\/span><\/p>\n<p><strong>Els comptes de Google Classroom s\u00f3n oferts per l&#8217;escola Vista Alegre amb l\u2019objectiu de donar acc\u00e9s a l\u2019alumnat a una s\u00e8rie de recursos creats pels docents del centre i oferir un espai integrat d\u2019aprenentatge.<\/strong><\/p>\n<p><b>Protecci\u00f3 de dades<\/b><\/p>\n<p><span style=\"font-weight: 400;\">G Suite for Education posseeix des de maig 2012 la certificaci\u00f3 ISO 27001, a m\u00e9s de la ja existent SSAE 16 \/ SAE 3402 i el certificat FISMA de G Suite per a governs. Google compleix el nou Reglament General de Protecci\u00f3 de dades que s\u2019aplica des de maig de 2018. Aquest Reglament substitueix l\u2019anterior i pret\u00e9n regular millor la necessitat d\u2019empreses o entitats i usuaris en la prestaci\u00f3 i consum de serveis Cloud.<\/span><\/p>\n<p><span style=\"font-weight: 400;\">Tots aquests entorns es regeixen per una s\u00e8rie de normes. L&#8217;acc\u00e9s a aquests recursos est\u00e0 condicionat a l&#8217;acceptaci\u00f3 de la normativa d&#8217;\u00fas per part de l&#8217;usuari (per a alumnes de 14 anys o m\u00e9s) o de les fam\u00edlies dels alumnes menors de 14 anys als quals se&#8217;ls proporcioni un compte.<\/span><\/p>\n<p><span style=\"font-weight: 400;\">Amb la vostra autoritzaci\u00f3 com a pares\/mares\/tutors legals, crearem un usuari i contrasenya per a cada alumne\/a de l&#8217;escola. Aquest usuari els permetr\u00e0 accedir al G Suite per a centres educatius i a l\u2019aula 2.0 (Google Classroom) a partir del curs 20\/21.<\/span><\/p>\n<p><a href=\"https:\/\/agora.xtec.cat\/ceipvistaalegre\/wp-content\/uploads\/usu1936\/2020\/07\/Autoritzaci\u00f3-relativa-als-alumnes-de-menys-de-14-anys_-\u00fas-de-serveis.pdf\">Autoritzaci\u00f3 relativa als alumnes de menys de 14 anys_ \u00fas de serveis<\/a><\/p>\n<p>Trobareu la normativa d&#8217;\u00fas a l&#8217;apartat <strong><em>Documents d&#8217;escola<\/em><\/strong>.<\/p>\n","protected":false},"excerpt":{"rendered":"<p>Benvolgudes fam\u00edlies,\u00a0<br \/>\nUs comuniquem que a partir del proper curs, l&#8217;escola comen\u00e7ar\u00e0 a treballar amb un entorn virtual educatiu d&#8217;aprenentatge (EVEA). Aquest \u00e9s un conjunt d&#8217;eines, aplicacions, serveis web, relacions i\/o interaccions que els alumnes utilitzaran per gestionar el seu propi proc\u00e9s d&#8217;aprenentatge de manera virtual.<br \/>\nConcretament,&hellip;  <a href=\"https:\/\/agora.xtec.cat\/ceipvistaalegre\/general\/entorn-virtual-daprenentatge-curs-20-21\/\" title=\"Read Entorn virtual d&#8217;aprenentatge. Curs 20\/21\">Llegeix m\u00e9s\u00bb<\/a><\/p>\n","protected":false},"author":3,"featured_media":0,"comment_status":"open","ping_status":"closed","sticky":false,"template":"","format":"standard","meta":{"_bbp_topic_count":0,"_bbp_reply_count":0,"_bbp_total_topic_count":0,"_bbp_total_reply_count":0,"_bbp_voice_count":0,"_bbp_anonymous_reply_count":0,"_bbp_topic_count_hidden":0,"_bbp_reply_count_hidden":0,"_bbp_forum_subforum_count":0,"footnotes":""},"categories":[1,4],"tags":[],"class_list":["post-2919","post","type-post","status-publish","format-standard","hentry","category-general","category-portada"],"post_mailing_queue_ids":[],"_links":{"self":[{"href":"https:\/\/agora.xtec.cat\/ceipvistaalegre\/wp-json\/wp\/v2\/posts\/2919","targetHints":{"allow":["GET"]}}],"collection":[{"href":"https:\/\/agora.xtec.cat\/ceipvistaalegre\/wp-json\/wp\/v2\/posts"}],"about":[{"href":"https:\/\/agora.xtec.cat\/ceipvistaalegre\/wp-json\/wp\/v2\/types\/post"}],"author":[{"embeddable":true,"href":"https:\/\/agora.xtec.cat\/ceipvistaalegre\/wp-json\/wp\/v2\/users\/3"}],"replies":[{"embeddable":true,"href":"https:\/\/agora.xtec.cat\/ceipvistaalegre\/wp-json\/wp\/v2\/comments?post=2919"}],"version-history":[{"count":2,"href":"https:\/\/agora.xtec.cat\/ceipvistaalegre\/wp-json\/wp\/v2\/posts\/2919\/revisions"}],"predecessor-version":[{"id":2923,"href":"https:\/\/agora.xtec.cat\/ceipvistaalegre\/wp-json\/wp\/v2\/posts\/2919\/revisions\/2923"}],"wp:attachment":[{"href":"https:\/\/agora.xtec.cat\/ceipvistaalegre\/wp-json\/wp\/v2\/media?parent=2919"}],"wp:term":[{"taxonomy":"category","embeddable":true,"href":"https:\/\/agora.xtec.cat\/ceipvistaalegre\/wp-json\/wp\/v2\/categories?post=2919"},{"taxonomy":"post_tag","embeddable":true,"href":"https:\/\/agora.xtec.cat\/ceipvistaalegre\/wp-json\/wp\/v2\/tags?post=2919"}],"curies":[{"name":"wp","href":"https:\/\/api.w.org\/{rel}","templated":true}]}}