{"id":2909,"date":"2020-07-05T12:57:00","date_gmt":"2020-07-05T10:57:00","guid":{"rendered":"https:\/\/agora.xtec.cat\/ceipvistaalegre\/?p=2909"},"modified":"2020-07-05T12:57:00","modified_gmt":"2020-07-05T10:57:00","slug":"la-classe-dels-gossos","status":"publish","type":"post","link":"https:\/\/agora.xtec.cat\/ceipvistaalegre\/infantil\/infantil-4-anys\/la-classe-dels-gossos\/","title":{"rendered":"La classe dels Gossos."},"content":{"rendered":"<p>Nens, nenes i fam\u00edlies de la classe dels Gossos en aquest v\u00eddeo trobareu un petit recull de les activitats que s&#8217;han fet al llarg del tercer trimestre. Unes activitats que han estat planificades i\u00a0 pensades des d\u2019una perspectiva pedag\u00f2gica que benefici\u00e9s el desenvolupament i l\u2019aprenentatge dels nostres infants.<\/p>\n<p>Hem escoltat contes, cantat i ballat can\u00e7ons; hem fet s\u00e8ries, col\u00b7leccions, hem comptat i resolt problemes. Hem confegit i escrit paraules. Tamb\u00e9 hem fet experiments amb aigua, amb gel, amb sab\u00f3 i sal. Hem creat castells de St. Jordi, papallones, collarets, gelats i moltes coses m\u00e9s&#8230;<\/p>\n<p>Tota aquesta feina no hauria estat possible sense la implicaci\u00f3 de tothom: nens, nenes, mestres i fam\u00edlies. Heu convertit les vostres cases en petites escoles creant material amb el que tenieu al vostre avast en aquests moments tant complicats. Moltes gr\u00e0cies per l&#8217;esfor\u00e7 i la paci\u00e8ncia, sense vosaltres no hauria estat possible.<\/p>\n<p>Espero que gaudiu veient-lo i que us emporteu un gran record del pas per P-4.<\/p>\n<p>Bon estiu classe dels Gossos!!<\/p>\n<p>&nbsp;<\/p>\n<p style=\"text-align: center;\"><iframe loading=\"lazy\" src=\"\/\/www.youtube.com\/embed\/VcxtxTIkD-0\" width=\"560\" height=\"314\"><\/iframe><\/p>\n","protected":false},"excerpt":{"rendered":"<p>Nens, nenes i fam\u00edlies de la classe dels Gossos en aquest v\u00eddeo trobareu un petit recull de les activitats que s&#8217;han fet al llarg del tercer trimestre. Unes activitats que han estat planificades i\u00a0 pensades des d\u2019una perspectiva pedag\u00f2gica que benefici\u00e9s el desenvolupament i l\u2019aprenentatge&hellip;  <a href=\"https:\/\/agora.xtec.cat\/ceipvistaalegre\/infantil\/infantil-4-anys\/la-classe-dels-gossos\/\" title=\"Read La classe dels Gossos.\">Llegeix m\u00e9s\u00bb<\/a><\/p>\n","protected":false},"author":4,"featured_media":0,"comment_status":"open","ping_status":"closed","sticky":false,"template":"","format":"standard","meta":{"_bbp_topic_count":0,"_bbp_reply_count":0,"_bbp_total_topic_count":0,"_bbp_total_reply_count":0,"_bbp_voice_count":0,"_bbp_anonymous_reply_count":0,"_bbp_topic_count_hidden":0,"_bbp_reply_count_hidden":0,"_bbp_forum_subforum_count":0,"footnotes":""},"categories":[8],"tags":[67],"class_list":["post-2909","post","type-post","status-publish","format-standard","hentry","category-infantil-4-anys","tag-infantil"],"post_mailing_queue_ids":[],"_links":{"self":[{"href":"https:\/\/agora.xtec.cat\/ceipvistaalegre\/wp-json\/wp\/v2\/posts\/2909","targetHints":{"allow":["GET"]}}],"collection":[{"href":"https:\/\/agora.xtec.cat\/ceipvistaalegre\/wp-json\/wp\/v2\/posts"}],"about":[{"href":"https:\/\/agora.xtec.cat\/ceipvistaalegre\/wp-json\/wp\/v2\/types\/post"}],"author":[{"embeddable":true,"href":"https:\/\/agora.xtec.cat\/ceipvistaalegre\/wp-json\/wp\/v2\/users\/4"}],"replies":[{"embeddable":true,"href":"https:\/\/agora.xtec.cat\/ceipvistaalegre\/wp-json\/wp\/v2\/comments?post=2909"}],"version-history":[{"count":3,"href":"https:\/\/agora.xtec.cat\/ceipvistaalegre\/wp-json\/wp\/v2\/posts\/2909\/revisions"}],"predecessor-version":[{"id":2917,"href":"https:\/\/agora.xtec.cat\/ceipvistaalegre\/wp-json\/wp\/v2\/posts\/2909\/revisions\/2917"}],"wp:attachment":[{"href":"https:\/\/agora.xtec.cat\/ceipvistaalegre\/wp-json\/wp\/v2\/media?parent=2909"}],"wp:term":[{"taxonomy":"category","embeddable":true,"href":"https:\/\/agora.xtec.cat\/ceipvistaalegre\/wp-json\/wp\/v2\/categories?post=2909"},{"taxonomy":"post_tag","embeddable":true,"href":"https:\/\/agora.xtec.cat\/ceipvistaalegre\/wp-json\/wp\/v2\/tags?post=2909"}],"curies":[{"name":"wp","href":"https:\/\/api.w.org\/{rel}","templated":true}]}}