{"id":2888,"date":"2020-06-30T11:02:25","date_gmt":"2020-06-30T09:02:25","guid":{"rendered":"https:\/\/agora.xtec.cat\/ceipvistaalegre\/?p=2888"},"modified":"2020-06-30T11:03:21","modified_gmt":"2020-06-30T09:03:21","slug":"estiu-biblios","status":"publish","type":"post","link":"https:\/\/agora.xtec.cat\/ceipvistaalegre\/general\/estiu-biblios\/","title":{"rendered":"Estiu &#038; Biblios"},"content":{"rendered":"<p>Les biblioteques de Matar\u00f3 proposen un repte virtual d&#8217;estiu per als <strong>nens i nenes de fins a<\/strong> <strong>11 anys<\/strong>.<br \/>\nCada dia de dilluns a divendres durant 4 setmanes proposen un passatemps, una manualitat, un biblioquiz i altres reptes sorpresa per passar una bona estona i descobrir un munt de llibres.<br \/>\nCom que les sales infantils de les biblioteques estan tancades, conviden als participants a interactuar amb nosaltres a trav\u00e9s de correu electr\u00f2nic i les xarxes socials i tamb\u00e9 a demanar cita pr\u00e8via per recollir lots de llibres personalitzats.<\/p>\n<p>Trobareu m\u00e9s informaci\u00f3 al seg\u00fcent link:<\/p>\n<p><a href=\"https:\/\/apropteu.culturamataro.cat\/repte-de-les-biblioteques-de-mataro\">https:\/\/apropteu.culturamataro.cat\/repte-de-les-biblioteques-de-mataro<\/a><\/p>\n<p><iframe loading=\"lazy\" title=\"Estiu &amp; Biblios: repte de les bibliosmataro 2020\" width=\"500\" height=\"375\" src=\"https:\/\/www.youtube.com\/embed\/nqIsxAn32VI?feature=oembed\" frameborder=\"0\" allow=\"accelerometer; autoplay; clipboard-write; encrypted-media; gyroscope; picture-in-picture; web-share\" referrerpolicy=\"strict-origin-when-cross-origin\" allowfullscreen><\/iframe><\/p>\n","protected":false},"excerpt":{"rendered":"<p>Les biblioteques de Matar\u00f3 proposen un repte virtual d&#8217;estiu per als nens i nenes de fins a 11 anys.<br \/>\nCada dia de dilluns a divendres durant 4 setmanes proposen un passatemps, una manualitat, un biblioquiz i altres reptes sorpresa per passar una bona estona i descobrir&hellip;  <a href=\"https:\/\/agora.xtec.cat\/ceipvistaalegre\/general\/estiu-biblios\/\" title=\"Read Estiu &#038; Biblios\">Llegeix m\u00e9s\u00bb<\/a><\/p>\n","protected":false},"author":3,"featured_media":0,"comment_status":"open","ping_status":"closed","sticky":false,"template":"","format":"standard","meta":{"_bbp_topic_count":0,"_bbp_reply_count":0,"_bbp_total_topic_count":0,"_bbp_total_reply_count":0,"_bbp_voice_count":0,"_bbp_anonymous_reply_count":0,"_bbp_topic_count_hidden":0,"_bbp_reply_count_hidden":0,"_bbp_forum_subforum_count":0,"footnotes":""},"categories":[1,4],"tags":[144],"class_list":["post-2888","post","type-post","status-publish","format-standard","hentry","category-general","category-portada","tag-biblioteca-mataro-repteestiu"],"post_mailing_queue_ids":[],"_links":{"self":[{"href":"https:\/\/agora.xtec.cat\/ceipvistaalegre\/wp-json\/wp\/v2\/posts\/2888","targetHints":{"allow":["GET"]}}],"collection":[{"href":"https:\/\/agora.xtec.cat\/ceipvistaalegre\/wp-json\/wp\/v2\/posts"}],"about":[{"href":"https:\/\/agora.xtec.cat\/ceipvistaalegre\/wp-json\/wp\/v2\/types\/post"}],"author":[{"embeddable":true,"href":"https:\/\/agora.xtec.cat\/ceipvistaalegre\/wp-json\/wp\/v2\/users\/3"}],"replies":[{"embeddable":true,"href":"https:\/\/agora.xtec.cat\/ceipvistaalegre\/wp-json\/wp\/v2\/comments?post=2888"}],"version-history":[{"count":2,"href":"https:\/\/agora.xtec.cat\/ceipvistaalegre\/wp-json\/wp\/v2\/posts\/2888\/revisions"}],"predecessor-version":[{"id":2891,"href":"https:\/\/agora.xtec.cat\/ceipvistaalegre\/wp-json\/wp\/v2\/posts\/2888\/revisions\/2891"}],"wp:attachment":[{"href":"https:\/\/agora.xtec.cat\/ceipvistaalegre\/wp-json\/wp\/v2\/media?parent=2888"}],"wp:term":[{"taxonomy":"category","embeddable":true,"href":"https:\/\/agora.xtec.cat\/ceipvistaalegre\/wp-json\/wp\/v2\/categories?post=2888"},{"taxonomy":"post_tag","embeddable":true,"href":"https:\/\/agora.xtec.cat\/ceipvistaalegre\/wp-json\/wp\/v2\/tags?post=2888"}],"curies":[{"name":"wp","href":"https:\/\/api.w.org\/{rel}","templated":true}]}}