{"id":2868,"date":"2020-06-29T18:23:55","date_gmt":"2020-06-29T16:23:55","guid":{"rendered":"https:\/\/agora.xtec.cat\/ceipvistaalegre\/?p=2868"},"modified":"2020-06-30T07:35:31","modified_gmt":"2020-06-30T05:35:31","slug":"orla-de-sise","status":"publish","type":"post","link":"https:\/\/agora.xtec.cat\/ceipvistaalegre\/primaria\/6e\/orla-de-sise\/","title":{"rendered":"Orla de sis\u00e8"},"content":{"rendered":"<p><img loading=\"lazy\" decoding=\"async\" class=\"alignnone size-large wp-image-2872\" src=\"https:\/\/agora.xtec.cat\/ceipvistaalegre\/wp-content\/uploads\/usu1936\/2020\/06\/orla-sise-1-1024x502.jpg\" alt=\"\" width=\"1024\" height=\"502\" \/><\/p>\n<p>Aquest any la situaci\u00f3 no ens ha perm\u00e8s fer la foto de grup. Tot i aix\u00ed, hem volgut fer aquesta orla perqu\u00e8 tingueu un gran record de l&#8217;escola.<\/p>\n<p>Estimats i estimades alumnes de 6\u00e8, que tingueu molta sort a la nova etapa i que mai no us oblideu de nosaltres.<\/p>\n<p>L&#8217;equip de mestres.<\/p>\n","protected":false},"excerpt":{"rendered":"<p>Aquest any la situaci\u00f3 no ens ha perm\u00e8s fer la foto de grup. Tot i aix\u00ed, hem volgut fer aquesta orla perqu\u00e8 tingueu un gran record de l&#8217;escola.<br \/>\nEstimats i estimades alumnes de 6\u00e8, que tingueu molta sort a la nova etapa i que mai no&hellip;  <a href=\"https:\/\/agora.xtec.cat\/ceipvistaalegre\/primaria\/6e\/orla-de-sise\/\" title=\"Read Orla de sis\u00e8\">Llegeix m\u00e9s\u00bb<\/a><\/p>\n","protected":false},"author":5,"featured_media":0,"comment_status":"open","ping_status":"closed","sticky":false,"template":"","format":"standard","meta":{"_bbp_topic_count":0,"_bbp_reply_count":0,"_bbp_total_topic_count":0,"_bbp_total_reply_count":0,"_bbp_voice_count":0,"_bbp_anonymous_reply_count":0,"_bbp_topic_count_hidden":0,"_bbp_reply_count_hidden":0,"_bbp_forum_subforum_count":0,"footnotes":""},"categories":[15],"tags":[],"class_list":["post-2868","post","type-post","status-publish","format-standard","hentry","category-6e"],"post_mailing_queue_ids":[],"_links":{"self":[{"href":"https:\/\/agora.xtec.cat\/ceipvistaalegre\/wp-json\/wp\/v2\/posts\/2868","targetHints":{"allow":["GET"]}}],"collection":[{"href":"https:\/\/agora.xtec.cat\/ceipvistaalegre\/wp-json\/wp\/v2\/posts"}],"about":[{"href":"https:\/\/agora.xtec.cat\/ceipvistaalegre\/wp-json\/wp\/v2\/types\/post"}],"author":[{"embeddable":true,"href":"https:\/\/agora.xtec.cat\/ceipvistaalegre\/wp-json\/wp\/v2\/users\/5"}],"replies":[{"embeddable":true,"href":"https:\/\/agora.xtec.cat\/ceipvistaalegre\/wp-json\/wp\/v2\/comments?post=2868"}],"version-history":[{"count":3,"href":"https:\/\/agora.xtec.cat\/ceipvistaalegre\/wp-json\/wp\/v2\/posts\/2868\/revisions"}],"predecessor-version":[{"id":2886,"href":"https:\/\/agora.xtec.cat\/ceipvistaalegre\/wp-json\/wp\/v2\/posts\/2868\/revisions\/2886"}],"wp:attachment":[{"href":"https:\/\/agora.xtec.cat\/ceipvistaalegre\/wp-json\/wp\/v2\/media?parent=2868"}],"wp:term":[{"taxonomy":"category","embeddable":true,"href":"https:\/\/agora.xtec.cat\/ceipvistaalegre\/wp-json\/wp\/v2\/categories?post=2868"},{"taxonomy":"post_tag","embeddable":true,"href":"https:\/\/agora.xtec.cat\/ceipvistaalegre\/wp-json\/wp\/v2\/tags?post=2868"}],"curies":[{"name":"wp","href":"https:\/\/api.w.org\/{rel}","templated":true}]}}