{"id":2834,"date":"2020-06-29T16:57:47","date_gmt":"2020-06-29T14:57:47","guid":{"rendered":"https:\/\/agora.xtec.cat\/ceipvistaalegre\/?p=2834"},"modified":"2020-07-06T18:13:37","modified_gmt":"2020-07-06T16:13:37","slug":"instruccions-per-als-ajuts-individuals-de-menjador-curs-20-21","status":"publish","type":"post","link":"https:\/\/agora.xtec.cat\/ceipvistaalegre\/general\/instruccions-per-als-ajuts-individuals-de-menjador-curs-20-21\/","title":{"rendered":"Instruccions per als ajuts individuals de menjador. Curs 20\/21"},"content":{"rendered":"<p><a href=\"https:\/\/agora.xtec.cat\/ceipvistaalegre\/wp-content\/uploads\/usu1936\/2020\/06\/Ajuts-individuals-menjador.jpg\"><img loading=\"lazy\" decoding=\"async\" class=\" wp-image-2835 aligncenter\" src=\"https:\/\/agora.xtec.cat\/ceipvistaalegre\/wp-content\/uploads\/usu1936\/2020\/06\/Ajuts-individuals-menjador-1024x1013.jpg\" alt=\"\" width=\"176\" height=\"174\" \/><\/a><\/p>\n<p>Un cop publicades les bases reguladores de la convocat\u00f2ria dels ajuts individuals de menjador per al curs escolar 2020\/2021, us informem que, com cada any, <u>ser\u00e0 l\u2019Ajuntament de Matar\u00f3 l\u2019encarregat de recollir les sol\u00b7licituds de les fam\u00edlies.<\/u><\/p>\n<p>El procediment ser\u00e0 el seg\u00fcent:<\/p>\n<p style=\"text-align: center;\"><strong>FAM\u00cdLIES QUE VAN PRESENTAR SOL\u00b7LICITUD D&#8217;AJUT DE MENJADOR EL CURS 2019\/2020<\/strong><\/p>\n<p>Durant la setmana del 6 de juliol de 2020, <strong>les fam\u00edlies que van presentar sol\u00b7licitud\u00a0d\u2019ajut de menjador escolar per al curs 2019 rebran un missatge SMS<\/strong>.\u00a0Si no han canviat substancialment la seva situaci\u00f3 respecte la del curs anterior (mateix\u00a0tipus de fam\u00edlia nombrosa o monoparental, mateixes persones amb discapacitat i sense\u00a0canvis en separaci\u00f3 o cust\u00f2dia de menors) aquest missatge SMS <strong>els permetr\u00e0\u00a0<\/strong><strong>confirmar per internet la seva petici\u00f3 d\u2019ajut per al curs 2020\/2021<\/strong>.<\/p>\n<p style=\"text-align: center;\"><strong>FAM\u00cdLIES QUE NO VAN PRESENTAR SOL\u00b7LICITUD D\u2019AJUT DE MENJADOR PER AL CURS<\/strong><br \/>\n<strong>2019\/2020, O FAM\u00cdLIES QUE HAN CANVIAT SUBSTANCIALMENT LA SEVA SITUACI\u00d3<\/strong><br \/>\n<strong>RESPECTE LA SOL\u00b7LICITUD D\u2019AJUT DEL CURS 2019\/2020<\/strong><\/p>\n<p>En aquests casos, <strong>hauran de fer una nova sol\u00b7licitud<\/strong> (una sola sol\u00b7licitud per fam\u00edlia),\u00a0que es podr\u00e0 presentar:<\/p>\n<p>&#8211;\u00a0<strong>ON-LINE (preferentment): del 7 al 24 de juliol de 2020<\/strong>, ambd\u00f3s inclosos, a trav\u00e9s\u00a0de la Seu Electr\u00f2nica de l\u2019Ajuntament de Matar\u00f3 (<a href=\"https:\/\/seu.mataro.cat\/oficina\/tramites\/acceso.do?ticket=PWUMZ5MQTPUGAEWTHCXVXSFZLLEN4KX4RTNS6RMJMGM3BJNCURSEWWLDHOHCQT42B6UIX7RYVWSTUD3JFT5T4KD5KRFJMMAEMR5TXDVMHHLXPCET6TMD2QEJSXJ22VPIV4HCPWRJF4ZVRIJV2VOTQRC5ZVPKTDEJKL45FHKOSVKNJHDRDAZSYX2JFUQ3UVU3\">https:\/\/seu.mataro.cat<\/a>)<\/p>\n<p><strong>&#8211; PRESENCIALMENT: del 13 al 24 de juliol de 2020, ambd\u00f3s inclosos, amb cita\u00a0pr\u00e8via obligat\u00f2ria<\/strong>, a les Oficines d\u2019Atenci\u00f3 Ciutadana de Pla d\u2019en Boet, Cerdanyola\u00a0i Rocafonda.<\/p>\n<p>La cita pr\u00e8via es podr\u00e0 concertar a partir del 8 de juliol de 2020 per\u00a0internet a <a href=\"https:\/\/www.mataro.cat\/ca\/lajuntament\/cita-previa-oficines\">www.mataro.cat\/citaprevia<\/a>.<\/p>\n<p>Les sol\u00b7licituds estaran disponibles en paper a les Oficines d\u2019Atenci\u00f3\u00a0Ciutadana de Pla d\u2019en Boet, Cerdanyola i Rocafonda a partir del 8 de\u00a0juliol.<\/p>\n<p style=\"text-align: center;\"><strong>REQUISITS DELS SOL\u00b7LICITANTS<\/strong><\/p>\n<ul style=\"list-style-type: circle;\">\n<li>Adre\u00e7at a alumnes escolaritzats a Matar\u00f3 durant el curs 2020-2021, en centres\u00a0d\u2019educaci\u00f3 infantil de segon cicle, prim\u00e0ria i\/o secund\u00e0ria (de P-3 a 4t d\u2019ESO).<\/li>\n<li>Adre\u00e7at a alumnes empadronats a Matar\u00f3 i escolaritzats al Maresme, durant el curs\u00a02020-2021, en centres d\u2019educaci\u00f3 infantil de segon cicle, prim\u00e0ria i\/o secund\u00e0ria (de P-3 a 4t d\u2019ESO).<\/li>\n<li>Adre\u00e7at a menors que assisteixin a centres educatius amb servei de menjador (inclosos\u00a0els instituts escola).<\/li>\n<\/ul>\n<p style=\"text-align: center;\"><strong>DOCUMENTACI\u00d3 A PRESENTAR<\/strong><\/p>\n<p>En el cas de fer la sol\u00b7licitud presencialment:<\/p>\n<ul>\n<li>Model normalitzat de sol\u00b7licitud (nom\u00e9s\u00a0s\u2019acceptar\u00e0 el formulari disponible a la Seu Electr\u00f2nica de l\u2019Ajuntament de Matar\u00f3 o el\u00a0facilitat a les pr\u00f2pies oficines municipals a partir del 8 de juliol).<\/li>\n<li>C\u00f2pia del document d\u2019identitat de la\u00a0persona sol\u00b7licitant (pare, mare o tutor\/a).<\/li>\n<li>Original del t\u00edtol de fam\u00edlia nombrosa o\u00a0monoparental vigent.<\/li>\n<li>Resoluci\u00f3 d&#8217;acolliment de la Direcci\u00f3 General d&#8217;Atenci\u00f3 a la Inf\u00e0ncia i l&#8217;Adolesc\u00e8ncia per a menors que estiguin en situaci\u00f3 d&#8217;acolliment.<\/li>\n<li>Conveni, sent\u00e8ncia de divorci en el cas que uns dels membres de la unitat familiar ja no visqui al domicili, per\u00f2 estigui en el document d&#8217;empadronament, o l&#8217;acta final de mediaci\u00f3 del Departament de Just\u00edcia.<\/li>\n<li>En el cas de fer la sol\u00b7licitud a trav\u00e9s d\u2019internet a la Seu\u00a0Electr\u00f2nica, ser\u00e0 suficient amb informar del n\u00famero de t\u00edtol de fam\u00edlia nombrosa o\u00a0monoparental vigent.<\/li>\n<\/ul>\n<p>&nbsp;<\/p>\n<p><em>El Consell Comarcal del Maresme notificar\u00e0 a les fam\u00edlies sol\u00b7licitants el resultat de\u00a0l\u2019ajut, i informar\u00e0 a l\u2019Ajuntament de Matar\u00f3 i a les escoles.<\/em><br \/>\n<em>Les fam\u00edlies podran formular reclamaci\u00f3 contra la resoluci\u00f3 d\u2019ajuts dins dels 30 dies\u00a0naturals posteriors a la notificaci\u00f3 de l\u2019ajut.<\/em><\/p>\n<p><a href=\"https:\/\/agora.xtec.cat\/ceipvistaalegre\/wp-content\/uploads\/usu1936\/2020\/06\/unnamed.jpg\"><img loading=\"lazy\" decoding=\"async\" class=\" wp-image-2836 aligncenter\" src=\"https:\/\/agora.xtec.cat\/ceipvistaalegre\/wp-content\/uploads\/usu1936\/2020\/06\/unnamed.jpg\" alt=\"\" width=\"248\" height=\"157\" \/><\/a><\/p>\n","protected":false},"excerpt":{"rendered":"<p><a href=\"https:\/\/agora.xtec.cat\/ceipvistaalegre\/wp-content\/uploads\/usu1936\/2020\/06\/Ajuts-individuals-menjador.jpg\"><\/a><br \/>\nUn cop publicades les bases reguladores de la convocat\u00f2ria dels ajuts individuals de menjador per al curs escolar 2020\/2021, us informem que, com cada any, ser\u00e0 l\u2019Ajuntament de Matar\u00f3 l\u2019encarregat de recollir les sol\u00b7licituds de les fam\u00edlies.<br \/>\nEl procediment ser\u00e0 el seg\u00fcent:<br \/>\nFAM\u00cdLIES QUE VAN PRESENTAR&hellip;  <a href=\"https:\/\/agora.xtec.cat\/ceipvistaalegre\/general\/instruccions-per-als-ajuts-individuals-de-menjador-curs-20-21\/\" title=\"Read Instruccions per als ajuts individuals de menjador. Curs 20\/21\">Llegeix m\u00e9s\u00bb<\/a><\/p>\n","protected":false},"author":3,"featured_media":0,"comment_status":"open","ping_status":"closed","sticky":false,"template":"","format":"standard","meta":{"_bbp_topic_count":0,"_bbp_reply_count":0,"_bbp_total_topic_count":0,"_bbp_total_reply_count":0,"_bbp_voice_count":0,"_bbp_anonymous_reply_count":0,"_bbp_topic_count_hidden":0,"_bbp_reply_count_hidden":0,"_bbp_forum_subforum_count":0,"footnotes":""},"categories":[1,4],"tags":[],"class_list":["post-2834","post","type-post","status-publish","format-standard","hentry","category-general","category-portada"],"post_mailing_queue_ids":[],"_links":{"self":[{"href":"https:\/\/agora.xtec.cat\/ceipvistaalegre\/wp-json\/wp\/v2\/posts\/2834","targetHints":{"allow":["GET"]}}],"collection":[{"href":"https:\/\/agora.xtec.cat\/ceipvistaalegre\/wp-json\/wp\/v2\/posts"}],"about":[{"href":"https:\/\/agora.xtec.cat\/ceipvistaalegre\/wp-json\/wp\/v2\/types\/post"}],"author":[{"embeddable":true,"href":"https:\/\/agora.xtec.cat\/ceipvistaalegre\/wp-json\/wp\/v2\/users\/3"}],"replies":[{"embeddable":true,"href":"https:\/\/agora.xtec.cat\/ceipvistaalegre\/wp-json\/wp\/v2\/comments?post=2834"}],"version-history":[{"count":3,"href":"https:\/\/agora.xtec.cat\/ceipvistaalegre\/wp-json\/wp\/v2\/posts\/2834\/revisions"}],"predecessor-version":[{"id":2842,"href":"https:\/\/agora.xtec.cat\/ceipvistaalegre\/wp-json\/wp\/v2\/posts\/2834\/revisions\/2842"}],"wp:attachment":[{"href":"https:\/\/agora.xtec.cat\/ceipvistaalegre\/wp-json\/wp\/v2\/media?parent=2834"}],"wp:term":[{"taxonomy":"category","embeddable":true,"href":"https:\/\/agora.xtec.cat\/ceipvistaalegre\/wp-json\/wp\/v2\/categories?post=2834"},{"taxonomy":"post_tag","embeddable":true,"href":"https:\/\/agora.xtec.cat\/ceipvistaalegre\/wp-json\/wp\/v2\/tags?post=2834"}],"curies":[{"name":"wp","href":"https:\/\/api.w.org\/{rel}","templated":true}]}}