{"id":2819,"date":"2020-06-19T13:00:42","date_gmt":"2020-06-19T11:00:42","guid":{"rendered":"https:\/\/agora.xtec.cat\/ceipvistaalegre\/?p=2819"},"modified":"2020-06-30T11:03:47","modified_gmt":"2020-06-30T09:03:47","slug":"comunicat-final-de-curs","status":"publish","type":"post","link":"https:\/\/agora.xtec.cat\/ceipvistaalegre\/general\/comunicat-final-de-curs\/","title":{"rendered":"Comunicat final de curs"},"content":{"rendered":"<p><a href=\"https:\/\/agora.xtec.cat\/ceipvistaalegre\/wp-content\/uploads\/usu1936\/2020\/06\/DRAC.jpg\"><img loading=\"lazy\" decoding=\"async\" class=\"wp-image-2820 aligncenter\" src=\"https:\/\/agora.xtec.cat\/ceipvistaalegre\/wp-content\/uploads\/usu1936\/2020\/06\/DRAC-1024x889.jpg\" alt=\"\" width=\"149\" height=\"129\" \/><\/a><\/p>\n<h4>Fam\u00edlies de l&#8217;Escola Vista Alegre,<\/h4>\n<h4><span style=\"font-weight: 400;\">Donem per finalitzat l&#8217;any escolar d&#8217;una manera ben diferent a la que estem acostumats\/des, donada la situaci\u00f3 que estem vivint actualment. Avui, tot i que sembli mentida, finalitza el curs 19-20. Un curs que marcar\u00e0 un abans i un despr\u00e9s.\u00a0<\/span><\/h4>\n<h4><span style=\"font-weight: 400;\">Al llarg d\u2019aquest 3r trimestre, amb els dubtes i neguits que aquesta pand\u00e8mia ens ha portat, tots hem hagut d&#8217;adaptar-nos a una nova situaci\u00f3.\u00a0<\/span><\/h4>\n<h4><span style=\"font-weight: 400;\">Els mestres, que hem hagut de reinventar la nostra tasca com a docents, establir noves maneres de comunicar-nos i fer un acompanyament des de la dist\u00e0ncia.\u00a0<\/span><\/h4>\n<h4><span style=\"font-weight: 400;\">Els nens i nenes de l&#8217;escola, que d&#8217;un dia per l&#8217;altre van haver de deixar la seva escola, els seus companys i companyes, els mestres\u2026 treballant des de casa amb la mateixa il\u00b7lusi\u00f3 que ho feien a l&#8217;escola i adaptant-se espectacularment a la nova manera de fer.\u00a0<\/span><\/h4>\n<h4><span style=\"font-weight: 400;\">I les fam\u00edlies, que sense dubte, heu estat la part m\u00e9s important al llarg d&#8217;aquest temps. Que heu transformat racons de les vostres llars en espais per treballar les matem\u00e0tiques, la llengua, sales de psicomotricitat o exposicions de manualitats. Som conscients del sobreesfor\u00e7 i dificultats amb les que moltes vegades us heu trobat. Des de l&#8217;escola volem agrair la vostra dedicaci\u00f3, acompanyament i recolzament.\u00a0<\/span><\/h4>\n<h4><span style=\"font-weight: 400;\">Demanar-vos disculpes si en algun moment ens hem equivocat. D\u2019aix\u00f2 tamb\u00e9 n\u2019aprendrem. I si en algun moment heu cregut que les decisions preses no han estat les adequades, sempre ho hem fet pensant en els nostres alumnes.<\/span><\/h4>\n<h4><span style=\"font-weight: 400;\">Dir-vos tamb\u00e9 que us hem fet arribar la informaci\u00f3 de manera transparent i amb claredat, despr\u00e9s de disposar de les instruccions, contrastar i planificar.\u00a0<\/span><\/h4>\n<h4><span style=\"font-weight: 400;\">Amb la mirada ja posada en l&#8217;organitzaci\u00f3 i canvis que es produiran el proper curs, us volem desitjar un bon estiu. Un descans ben merescut per a tots i totes. Gaudiu del temps en fam\u00edlia, dels retrobaments i de la tornada a la &#8220;normalitat&#8221;.\u00a0<\/span><\/h4>\n<h4><\/h4>\n<h4>Atentament,<\/h4>\n<h4><strong>Equip de mestres de l&#8217;escola Vista Alegre<\/strong><\/h4>\n<p>&nbsp;<\/p>\n","protected":false},"excerpt":{"rendered":"<p><a href=\"https:\/\/agora.xtec.cat\/ceipvistaalegre\/wp-content\/uploads\/usu1936\/2020\/06\/DRAC.jpg\"><\/a><br \/>\nFam\u00edlies de l&#8217;Escola Vista Alegre,<br \/>\nDonem per finalitzat l&#8217;any escolar d&#8217;una manera ben diferent a la que estem acostumats\/des, donada la situaci\u00f3 que estem vivint actualment. Avui, tot i que sembli mentida, finalitza el curs 19-20. Un curs que marcar\u00e0 un abans i un despr\u00e9s.\u00a0<br \/>\nAl&hellip;  <a href=\"https:\/\/agora.xtec.cat\/ceipvistaalegre\/general\/comunicat-final-de-curs\/\" title=\"Read Comunicat final de curs\">Llegeix m\u00e9s\u00bb<\/a><\/p>\n","protected":false},"author":3,"featured_media":0,"comment_status":"open","ping_status":"closed","sticky":false,"template":"","format":"standard","meta":{"_bbp_topic_count":0,"_bbp_reply_count":0,"_bbp_total_topic_count":0,"_bbp_total_reply_count":0,"_bbp_voice_count":0,"_bbp_anonymous_reply_count":0,"_bbp_topic_count_hidden":0,"_bbp_reply_count_hidden":0,"_bbp_forum_subforum_count":0,"footnotes":""},"categories":[1,4],"tags":[],"class_list":["post-2819","post","type-post","status-publish","format-standard","hentry","category-general","category-portada"],"post_mailing_queue_ids":[],"_links":{"self":[{"href":"https:\/\/agora.xtec.cat\/ceipvistaalegre\/wp-json\/wp\/v2\/posts\/2819","targetHints":{"allow":["GET"]}}],"collection":[{"href":"https:\/\/agora.xtec.cat\/ceipvistaalegre\/wp-json\/wp\/v2\/posts"}],"about":[{"href":"https:\/\/agora.xtec.cat\/ceipvistaalegre\/wp-json\/wp\/v2\/types\/post"}],"author":[{"embeddable":true,"href":"https:\/\/agora.xtec.cat\/ceipvistaalegre\/wp-json\/wp\/v2\/users\/3"}],"replies":[{"embeddable":true,"href":"https:\/\/agora.xtec.cat\/ceipvistaalegre\/wp-json\/wp\/v2\/comments?post=2819"}],"version-history":[{"count":1,"href":"https:\/\/agora.xtec.cat\/ceipvistaalegre\/wp-json\/wp\/v2\/posts\/2819\/revisions"}],"predecessor-version":[{"id":2821,"href":"https:\/\/agora.xtec.cat\/ceipvistaalegre\/wp-json\/wp\/v2\/posts\/2819\/revisions\/2821"}],"wp:attachment":[{"href":"https:\/\/agora.xtec.cat\/ceipvistaalegre\/wp-json\/wp\/v2\/media?parent=2819"}],"wp:term":[{"taxonomy":"category","embeddable":true,"href":"https:\/\/agora.xtec.cat\/ceipvistaalegre\/wp-json\/wp\/v2\/categories?post=2819"},{"taxonomy":"post_tag","embeddable":true,"href":"https:\/\/agora.xtec.cat\/ceipvistaalegre\/wp-json\/wp\/v2\/tags?post=2819"}],"curies":[{"name":"wp","href":"https:\/\/api.w.org\/{rel}","templated":true}]}}