{"id":2794,"date":"2020-06-08T16:26:53","date_gmt":"2020-06-08T14:26:53","guid":{"rendered":"https:\/\/agora.xtec.cat\/ceipvistaalegre\/?p=2794"},"modified":"2020-06-08T16:26:53","modified_gmt":"2020-06-08T14:26:53","slug":"salvem-el-planeta-cicle-inicial","status":"publish","type":"post","link":"https:\/\/agora.xtec.cat\/ceipvistaalegre\/primaria\/1r\/salvem-el-planeta-cicle-inicial\/","title":{"rendered":"Salvem el planeta &#8211; Cicle Inicial"},"content":{"rendered":"<p>Despr\u00e9s d&#8217;una setmana plena de reptes i activitats relacionades amb salvar el nostre planeta, en la que els nens i les nenes de l&#8217;escola han sembrat, han fet escultures i joguines amb material reciclat, han investigat, han fet d&#8217;exploradors i han comprovat que un petit gest pot canviar-ho tot, donem per finalitzat el projecte d&#8217;aquest any.<\/p>\n<p style=\"text-align: left;\">Gr\u00e0cies petits herois i hero\u00efnes per fer-ho possible! Tamb\u00e9 fer menci\u00f3 especial a les fam\u00edlies, per l&#8217;esfor\u00e7! Tots junts ho aconseguirem!<\/p>\n<p>Si voleu veure un petit resum dels nens i nenes de 1r i 2n, aqui teniu el v\u00eddeo:<\/p>\n<p><a href=\"https:\/\/drive.google.com\/file\/d\/1UlinW_8BeQbReDKlECJEEoYNp8KbHM7F\/view?usp=sharing\">Salvem el planeta &#8211; Cicle Inicial<\/a><\/p>\n","protected":false},"excerpt":{"rendered":"<p>Despr\u00e9s d&#8217;una setmana plena de reptes i activitats relacionades amb salvar el nostre planeta, en la que els nens i les nenes de l&#8217;escola han sembrat, han fet escultures i joguines amb material reciclat, han investigat, han fet d&#8217;exploradors i han comprovat que un petit&hellip;  <a href=\"https:\/\/agora.xtec.cat\/ceipvistaalegre\/primaria\/1r\/salvem-el-planeta-cicle-inicial\/\" title=\"Read Salvem el planeta &#8211; Cicle Inicial\">Llegeix m\u00e9s\u00bb<\/a><\/p>\n","protected":false},"author":3,"featured_media":0,"comment_status":"open","ping_status":"closed","sticky":false,"template":"","format":"standard","meta":{"_bbp_topic_count":0,"_bbp_reply_count":0,"_bbp_total_topic_count":0,"_bbp_total_reply_count":0,"_bbp_voice_count":0,"_bbp_anonymous_reply_count":0,"_bbp_topic_count_hidden":0,"_bbp_reply_count_hidden":0,"_bbp_forum_subforum_count":0,"footnotes":""},"categories":[10,11],"tags":[],"class_list":["post-2794","post","type-post","status-publish","format-standard","hentry","category-1r","category-2n"],"post_mailing_queue_ids":[],"_links":{"self":[{"href":"https:\/\/agora.xtec.cat\/ceipvistaalegre\/wp-json\/wp\/v2\/posts\/2794","targetHints":{"allow":["GET"]}}],"collection":[{"href":"https:\/\/agora.xtec.cat\/ceipvistaalegre\/wp-json\/wp\/v2\/posts"}],"about":[{"href":"https:\/\/agora.xtec.cat\/ceipvistaalegre\/wp-json\/wp\/v2\/types\/post"}],"author":[{"embeddable":true,"href":"https:\/\/agora.xtec.cat\/ceipvistaalegre\/wp-json\/wp\/v2\/users\/3"}],"replies":[{"embeddable":true,"href":"https:\/\/agora.xtec.cat\/ceipvistaalegre\/wp-json\/wp\/v2\/comments?post=2794"}],"version-history":[{"count":1,"href":"https:\/\/agora.xtec.cat\/ceipvistaalegre\/wp-json\/wp\/v2\/posts\/2794\/revisions"}],"predecessor-version":[{"id":2795,"href":"https:\/\/agora.xtec.cat\/ceipvistaalegre\/wp-json\/wp\/v2\/posts\/2794\/revisions\/2795"}],"wp:attachment":[{"href":"https:\/\/agora.xtec.cat\/ceipvistaalegre\/wp-json\/wp\/v2\/media?parent=2794"}],"wp:term":[{"taxonomy":"category","embeddable":true,"href":"https:\/\/agora.xtec.cat\/ceipvistaalegre\/wp-json\/wp\/v2\/categories?post=2794"},{"taxonomy":"post_tag","embeddable":true,"href":"https:\/\/agora.xtec.cat\/ceipvistaalegre\/wp-json\/wp\/v2\/tags?post=2794"}],"curies":[{"name":"wp","href":"https:\/\/api.w.org\/{rel}","templated":true}]}}