{"id":2784,"date":"2020-06-04T10:38:13","date_gmt":"2020-06-04T08:38:13","guid":{"rendered":"https:\/\/agora.xtec.cat\/ceipvistaalegre\/?p=2784"},"modified":"2020-06-04T10:38:13","modified_gmt":"2020-06-04T08:38:13","slug":"salvem-el-planeta","status":"publish","type":"post","link":"https:\/\/agora.xtec.cat\/ceipvistaalegre\/infantil\/infantil-3-anys\/salvem-el-planeta\/","title":{"rendered":"Salvem el planeta!"},"content":{"rendered":"<p><a href=\"https:\/\/agora.xtec.cat\/ceipvistaalegre\/wp-content\/uploads\/usu1936\/2020\/06\/Salvem-el-planeta.jpg\"><img loading=\"lazy\" decoding=\"async\" class=\" wp-image-2785 aligncenter\" src=\"https:\/\/agora.xtec.cat\/ceipvistaalegre\/wp-content\/uploads\/usu1936\/2020\/06\/Salvem-el-planeta-1024x1017.jpg\" alt=\"\" width=\"324\" height=\"322\" \/><\/a><\/p>\n<p>Aquest any, amb el projecte d&#8217;escola &#8220;Salvem el planeta&#8221; volem conscienciar els nostres infants sobre la cura del nostre m\u00f3n.<\/p>\n<p>Durant aquesta setmana, a partir d&#8217;activitats l\u00fadiques i engrescadores sobre els animals, el reciclatge o el clima&#8230; els nens i nenes es convertiran en els protagonistes d&#8217;aquesta aventura i seran superherois i superheroines! Han der ser uns bons i bones ecologistes per adoptar uns bons h\u00e0bits positius envers la cura del medi ambient.<\/p>\n<p>L&#8217;equip de mestres ha elaborat aquest v\u00eddeo tan divertit amb la can\u00e7\u00f3 &#8220;Les 3 R&#8221; del grup El Pot Petit. Esperem que us agradi i que tothom posi en pr\u00e0ctica les 3 r: reduir, reutilitzar i reciclar!<\/p>\n<p><a href=\"https:\/\/www.youtube.com\/watch?v=3XxV04YT_-A&amp;feature=youtu.be\">Salvem el planeta! &#8211; Escola Vista Alegre<\/a><\/p>\n","protected":false},"excerpt":{"rendered":"<p><a href=\"https:\/\/agora.xtec.cat\/ceipvistaalegre\/wp-content\/uploads\/usu1936\/2020\/06\/Salvem-el-planeta.jpg\"><\/a><br \/>\nAquest any, amb el projecte d&#8217;escola &#8220;Salvem el planeta&#8221; volem conscienciar els nostres infants sobre la cura del nostre m\u00f3n.<br \/>\nDurant aquesta setmana, a partir d&#8217;activitats l\u00fadiques i engrescadores sobre els animals, el reciclatge o el clima&#8230; els nens i nenes es convertiran en els&hellip;  <a href=\"https:\/\/agora.xtec.cat\/ceipvistaalegre\/infantil\/infantil-3-anys\/salvem-el-planeta\/\" title=\"Read Salvem el planeta!\">Llegeix m\u00e9s\u00bb<\/a><\/p>\n","protected":false},"author":3,"featured_media":0,"comment_status":"open","ping_status":"closed","sticky":false,"template":"","format":"standard","meta":{"_bbp_topic_count":0,"_bbp_reply_count":0,"_bbp_total_topic_count":0,"_bbp_total_reply_count":0,"_bbp_voice_count":0,"_bbp_anonymous_reply_count":0,"_bbp_topic_count_hidden":0,"_bbp_reply_count_hidden":0,"_bbp_forum_subforum_count":0,"footnotes":""},"categories":[10,11,12,13,14,15,3,8],"tags":[],"class_list":["post-2784","post","type-post","status-publish","format-standard","hentry","category-1r","category-2n","category-la-classe-dels-pirates","category-4t","category-5e","category-6e","category-infantil-3-anys","category-infantil-4-anys"],"post_mailing_queue_ids":[],"_links":{"self":[{"href":"https:\/\/agora.xtec.cat\/ceipvistaalegre\/wp-json\/wp\/v2\/posts\/2784","targetHints":{"allow":["GET"]}}],"collection":[{"href":"https:\/\/agora.xtec.cat\/ceipvistaalegre\/wp-json\/wp\/v2\/posts"}],"about":[{"href":"https:\/\/agora.xtec.cat\/ceipvistaalegre\/wp-json\/wp\/v2\/types\/post"}],"author":[{"embeddable":true,"href":"https:\/\/agora.xtec.cat\/ceipvistaalegre\/wp-json\/wp\/v2\/users\/3"}],"replies":[{"embeddable":true,"href":"https:\/\/agora.xtec.cat\/ceipvistaalegre\/wp-json\/wp\/v2\/comments?post=2784"}],"version-history":[{"count":1,"href":"https:\/\/agora.xtec.cat\/ceipvistaalegre\/wp-json\/wp\/v2\/posts\/2784\/revisions"}],"predecessor-version":[{"id":2787,"href":"https:\/\/agora.xtec.cat\/ceipvistaalegre\/wp-json\/wp\/v2\/posts\/2784\/revisions\/2787"}],"wp:attachment":[{"href":"https:\/\/agora.xtec.cat\/ceipvistaalegre\/wp-json\/wp\/v2\/media?parent=2784"}],"wp:term":[{"taxonomy":"category","embeddable":true,"href":"https:\/\/agora.xtec.cat\/ceipvistaalegre\/wp-json\/wp\/v2\/categories?post=2784"},{"taxonomy":"post_tag","embeddable":true,"href":"https:\/\/agora.xtec.cat\/ceipvistaalegre\/wp-json\/wp\/v2\/tags?post=2784"}],"curies":[{"name":"wp","href":"https:\/\/api.w.org\/{rel}","templated":true}]}}