{"id":2767,"date":"2020-06-02T11:40:30","date_gmt":"2020-06-02T09:40:30","guid":{"rendered":"https:\/\/agora.xtec.cat\/ceipvistaalegre\/?p=2767"},"modified":"2020-06-02T11:41:01","modified_gmt":"2020-06-02T09:41:01","slug":"activitat-plastica-composicio-monocromatica","status":"publish","type":"post","link":"https:\/\/agora.xtec.cat\/ceipvistaalegre\/primaria\/4t\/activitat-plastica-composicio-monocromatica\/","title":{"rendered":"Activitat Pl\u00e0stica: composici\u00f3 monocrom\u00e0tica"},"content":{"rendered":"<p style=\"text-align: center;\">Els nens i nenes de 4t <span class=\"tlid-translation translation\" lang=\"ca\"><span class=\"\" title=\"\">han realitzat aquestes<\/span> <span title=\"\">composicions<\/span> mono<span class=\"\" title=\"\">crom\u00e0tiques:<\/span><\/span><\/p>\n<h2 class=\"entry-title\"><a href=\"https:\/\/agora.xtec.cat\/ceipvistaalegre\/wp-content\/uploads\/usu1936\/2020\/06\/Monocroma\u0300tic-1.png\"><img loading=\"lazy\" decoding=\"async\" class=\"size-large wp-image-2769 aligncenter\" src=\"https:\/\/agora.xtec.cat\/ceipvistaalegre\/wp-content\/uploads\/usu1936\/2020\/06\/Monocroma\u0300tic-1-1024x576.png\" alt=\"\" width=\"1024\" height=\"576\" \/><\/a> <a href=\"https:\/\/agora.xtec.cat\/ceipvistaalegre\/wp-content\/uploads\/usu1936\/2020\/06\/Monocroma\u0300tic-2.png\"><img loading=\"lazy\" decoding=\"async\" class=\"size-large wp-image-2770 aligncenter\" src=\"https:\/\/agora.xtec.cat\/ceipvistaalegre\/wp-content\/uploads\/usu1936\/2020\/06\/Monocroma\u0300tic-2-1024x576.png\" alt=\"\" width=\"1024\" height=\"576\" \/><\/a> <a href=\"https:\/\/agora.xtec.cat\/ceipvistaalegre\/wp-content\/uploads\/usu1936\/2020\/06\/Monocroma\u0300tic-3.png\"><img loading=\"lazy\" decoding=\"async\" class=\"size-large wp-image-2771 aligncenter\" src=\"https:\/\/agora.xtec.cat\/ceipvistaalegre\/wp-content\/uploads\/usu1936\/2020\/06\/Monocroma\u0300tic-3-1024x576.png\" alt=\"\" width=\"1024\" height=\"576\" \/><\/a><\/h2>\n","protected":false},"excerpt":{"rendered":"<p>Els nens i nenes de 4t han realitzat aquestes composicions monocrom\u00e0tiques:<br \/>\n<a href=\"https:\/\/agora.xtec.cat\/ceipvistaalegre\/wp-content\/uploads\/usu1936\/2020\/06\/Monocroma\u0300tic-1.png\"><\/a> <a href=\"https:\/\/agora.xtec.cat\/ceipvistaalegre\/wp-content\/uploads\/usu1936\/2020\/06\/Monocroma\u0300tic-2.png\"><\/a> <a href=\"https:\/\/agora.xtec.cat\/ceipvistaalegre\/wp-content\/uploads\/usu1936\/2020\/06\/Monocroma\u0300tic-3.png\"><\/a><\/p>\n","protected":false},"author":1,"featured_media":0,"comment_status":"open","ping_status":"closed","sticky":false,"template":"","format":"standard","meta":{"_bbp_topic_count":0,"_bbp_reply_count":0,"_bbp_total_topic_count":0,"_bbp_total_reply_count":0,"_bbp_voice_count":0,"_bbp_anonymous_reply_count":0,"_bbp_topic_count_hidden":0,"_bbp_reply_count_hidden":0,"_bbp_forum_subforum_count":0,"footnotes":""},"categories":[13],"tags":[],"class_list":["post-2767","post","type-post","status-publish","format-standard","hentry","category-4t"],"post_mailing_queue_ids":[],"_links":{"self":[{"href":"https:\/\/agora.xtec.cat\/ceipvistaalegre\/wp-json\/wp\/v2\/posts\/2767","targetHints":{"allow":["GET"]}}],"collection":[{"href":"https:\/\/agora.xtec.cat\/ceipvistaalegre\/wp-json\/wp\/v2\/posts"}],"about":[{"href":"https:\/\/agora.xtec.cat\/ceipvistaalegre\/wp-json\/wp\/v2\/types\/post"}],"author":[{"embeddable":true,"href":"https:\/\/agora.xtec.cat\/ceipvistaalegre\/wp-json\/wp\/v2\/users\/1"}],"replies":[{"embeddable":true,"href":"https:\/\/agora.xtec.cat\/ceipvistaalegre\/wp-json\/wp\/v2\/comments?post=2767"}],"version-history":[{"count":3,"href":"https:\/\/agora.xtec.cat\/ceipvistaalegre\/wp-json\/wp\/v2\/posts\/2767\/revisions"}],"predecessor-version":[{"id":2773,"href":"https:\/\/agora.xtec.cat\/ceipvistaalegre\/wp-json\/wp\/v2\/posts\/2767\/revisions\/2773"}],"wp:attachment":[{"href":"https:\/\/agora.xtec.cat\/ceipvistaalegre\/wp-json\/wp\/v2\/media?parent=2767"}],"wp:term":[{"taxonomy":"category","embeddable":true,"href":"https:\/\/agora.xtec.cat\/ceipvistaalegre\/wp-json\/wp\/v2\/categories?post=2767"},{"taxonomy":"post_tag","embeddable":true,"href":"https:\/\/agora.xtec.cat\/ceipvistaalegre\/wp-json\/wp\/v2\/tags?post=2767"}],"curies":[{"name":"wp","href":"https:\/\/api.w.org\/{rel}","templated":true}]}}