{"id":2757,"date":"2020-06-01T08:42:47","date_gmt":"2020-06-01T06:42:47","guid":{"rendered":"https:\/\/agora.xtec.cat\/ceipvistaalegre\/?p=2757"},"modified":"2020-06-01T08:55:31","modified_gmt":"2020-06-01T06:55:31","slug":"pla-dobertura-descola","status":"publish","type":"post","link":"https:\/\/agora.xtec.cat\/ceipvistaalegre\/general\/pla-dobertura-descola\/","title":{"rendered":"Pla d&#8217;obertura d&#8217;escola"},"content":{"rendered":"<p><a href=\"https:\/\/agora.xtec.cat\/ceipvistaalegre\/wp-content\/uploads\/usu1936\/2020\/06\/20200531_123222_0000.png\"><img loading=\"lazy\" decoding=\"async\" class=\" wp-image-2758 aligncenter\" src=\"https:\/\/agora.xtec.cat\/ceipvistaalegre\/wp-content\/uploads\/usu1936\/2020\/06\/20200531_123222_0000-1024x1024.png\" alt=\"\" width=\"242\" height=\"242\" \/><\/a><\/p>\n<p><span style=\"font-weight: 400;\">El Departament d\u2019Educaci\u00f3 ha ordenat obrir els centres educatius a partir del proper dia 8 de juny, en el suposat que el nostre territori entri en la Fase 2 de la desescalada. Atenent aquesta ordre i les indicacions de les autoritats sanit\u00e0ries, i que el curs 2019\/2020 acaba de manera telem\u00e0tica, <\/span><b style=\"font-family: inherit; font-size: 1em; line-height: 1.6;\">l\u2019assist\u00e8ncia a l\u2019escola ser\u00e0 volunt\u00e0ria per als seg\u00fcents grups d\u2019edat dins de la franja de 9h a 13h<\/b><span style=\"font-weight: 400;\">:<\/span><\/p>\n<ol>\n<li style=\"font-weight: 400;\"><b>Per a infants de 3 a 6 anys <\/b><span style=\"font-weight: 400;\">que, a causa de la situaci\u00f3 laboral de les seves fam\u00edlies i de la impossibilitat de tenir un recurs de cust\u00f2dia, necessitin d\u2019un servei d\u2019acollida.\u00a0<\/span><\/li>\n<li style=\"font-weight: 400;\"><b>Nens i nenes de sis\u00e8 de prim\u00e0ria<\/b><span style=\"font-weight: 400;\"> amb la finalitat de donar suport a la finalitzaci\u00f3 de l\u2019etapa i tancar l\u2019acompanyament personal del seu pas a secund\u00e0ria.<\/span><\/li>\n<\/ol>\n<p><i><span style=\"font-weight: 400;\">* Per a la resta d\u2019alumnat, <\/span><\/i><b><i>de 1r a 5\u00e8<\/i><\/b><i><span style=\"font-weight: 400;\">, seguint les instruccions del Departament d\u2019Educaci\u00f3, es continuar\u00e0 fent un seguiment personalitzat NO presencial (sessions meet, correus electr\u00f2nics i trucades).<\/span><\/i><\/p>\n<h5><strong><a href=\"https:\/\/agora.xtec.cat\/ceipvistaalegre\/wp-content\/uploads\/usu1936\/2020\/06\/Pla-dobertura-descola.pdf\">Pla d&#8217;obertura d&#8217;escola<\/a><\/strong><\/h5>\n<p>Per tal de poder organitzar aquesta obertura, \u00e9s necessari que contesteu el seg\u00fcent <a href=\"https:\/\/docs.google.com\/forms\/d\/1jDKWJBfuROmTDsODkEiKiW2qsEwQFGiMkO3nY5DhVhY\/edit\"><strong>q\u00fcestionari<\/strong><\/a>.<a href=\"https:\/\/agora.xtec.cat\/ceipvistaalegre\/wp-content\/uploads\/usu1936\/2020\/06\/tarifas.jpg\"><img loading=\"lazy\" decoding=\"async\" class=\"wp-image-2763 aligncenter\" src=\"https:\/\/agora.xtec.cat\/ceipvistaalegre\/wp-content\/uploads\/usu1936\/2020\/06\/tarifas.jpg\" alt=\"\" width=\"72\" height=\"73\" \/><\/a><\/p>\n<p>D&#8217;altra banda, volem compartir amb vosaltres el comunicat que la Junta de les direccions de les escoles p\u00fabliques de Matar\u00f3, en representaci\u00f3 dels equips docents, ha elaborat. En aquest, manifestem el nostre desacord pel que fa a l&#8217;obertura de centre.<\/p>\n<h5><strong><a href=\"https:\/\/agora.xtec.cat\/ceipvistaalegre\/wp-content\/uploads\/usu1936\/2020\/06\/Comunicat-direccions-escoles-p\u00fabliques-Matar\u00f3.pdf\">Comunicat direccions escoles p\u00fabliques Matar\u00f3<\/a><\/strong><\/h5>\n","protected":false},"excerpt":{"rendered":"<p><a href=\"https:\/\/agora.xtec.cat\/ceipvistaalegre\/wp-content\/uploads\/usu1936\/2020\/06\/20200531_123222_0000.png\"><\/a><br \/>\nEl Departament d\u2019Educaci\u00f3 ha ordenat obrir els centres educatius a partir del proper dia 8 de juny, en el suposat que el nostre territori entri en la Fase 2 de la desescalada. Atenent aquesta ordre i les indicacions de les autoritats sanit\u00e0ries, i que&hellip;  <a href=\"https:\/\/agora.xtec.cat\/ceipvistaalegre\/general\/pla-dobertura-descola\/\" title=\"Read Pla d&#8217;obertura d&#8217;escola\">Llegeix m\u00e9s\u00bb<\/a><\/p>\n","protected":false},"author":3,"featured_media":0,"comment_status":"open","ping_status":"closed","sticky":false,"template":"","format":"standard","meta":{"_bbp_topic_count":0,"_bbp_reply_count":0,"_bbp_total_topic_count":0,"_bbp_total_reply_count":0,"_bbp_voice_count":0,"_bbp_anonymous_reply_count":0,"_bbp_topic_count_hidden":0,"_bbp_reply_count_hidden":0,"_bbp_forum_subforum_count":0,"footnotes":""},"categories":[1,4],"tags":[],"class_list":["post-2757","post","type-post","status-publish","format-standard","hentry","category-general","category-portada"],"post_mailing_queue_ids":[],"_links":{"self":[{"href":"https:\/\/agora.xtec.cat\/ceipvistaalegre\/wp-json\/wp\/v2\/posts\/2757","targetHints":{"allow":["GET"]}}],"collection":[{"href":"https:\/\/agora.xtec.cat\/ceipvistaalegre\/wp-json\/wp\/v2\/posts"}],"about":[{"href":"https:\/\/agora.xtec.cat\/ceipvistaalegre\/wp-json\/wp\/v2\/types\/post"}],"author":[{"embeddable":true,"href":"https:\/\/agora.xtec.cat\/ceipvistaalegre\/wp-json\/wp\/v2\/users\/3"}],"replies":[{"embeddable":true,"href":"https:\/\/agora.xtec.cat\/ceipvistaalegre\/wp-json\/wp\/v2\/comments?post=2757"}],"version-history":[{"count":3,"href":"https:\/\/agora.xtec.cat\/ceipvistaalegre\/wp-json\/wp\/v2\/posts\/2757\/revisions"}],"predecessor-version":[{"id":2766,"href":"https:\/\/agora.xtec.cat\/ceipvistaalegre\/wp-json\/wp\/v2\/posts\/2757\/revisions\/2766"}],"wp:attachment":[{"href":"https:\/\/agora.xtec.cat\/ceipvistaalegre\/wp-json\/wp\/v2\/media?parent=2757"}],"wp:term":[{"taxonomy":"category","embeddable":true,"href":"https:\/\/agora.xtec.cat\/ceipvistaalegre\/wp-json\/wp\/v2\/categories?post=2757"},{"taxonomy":"post_tag","embeddable":true,"href":"https:\/\/agora.xtec.cat\/ceipvistaalegre\/wp-json\/wp\/v2\/tags?post=2757"}],"curies":[{"name":"wp","href":"https:\/\/api.w.org\/{rel}","templated":true}]}}