{"id":2643,"date":"2020-05-24T08:54:12","date_gmt":"2020-05-24T06:54:12","guid":{"rendered":"https:\/\/agora.xtec.cat\/ceipvistaalegre\/?p=2643"},"modified":"2020-06-01T08:45:14","modified_gmt":"2020-06-01T06:45:14","slug":"calendari-preinscripcio-i-matricula","status":"publish","type":"post","link":"https:\/\/agora.xtec.cat\/ceipvistaalegre\/general\/calendari-preinscripcio-i-matricula\/","title":{"rendered":"CALENDARI PREINSCRIPCI\u00d3 I MATR\u00cdCULA"},"content":{"rendered":"<p style=\"text-align: center;\"><a href=\"https:\/\/agora.xtec.cat\/ceipvistaalegre\/wp-content\/uploads\/usu1936\/2020\/05\/PicsArt_05-23-11.49.06.jpg\"><img loading=\"lazy\" decoding=\"async\" class=\"alignnone wp-image-2644\" src=\"https:\/\/agora.xtec.cat\/ceipvistaalegre\/wp-content\/uploads\/usu1936\/2020\/05\/PicsArt_05-23-11.49.06-1024x767.jpg\" alt=\"\" width=\"452\" height=\"339\" \/><\/a><\/p>\n<p><strong>PREINSCRIPCI\u00d3<\/strong><\/p>\n<ul>\n<li>Oferta inicial de places escolars: 8 de maig de 2020.<\/li>\n<li>Presentaci\u00f3 de sol\u00b7licitus amb suport inform\u00e0tic: <strong>del 13 al 22 de maig de 2020<\/strong>.<\/li>\n<li>Presentaci\u00f3 de sol\u00b7licituds presencialment amb cita pr\u00e8via: <strong>del 19 al 22 de maig de 2020.<\/strong><\/li>\n<li>Presentaci\u00f3 de documentaci\u00f3: fins al 25 de maig de 2020<\/li>\n<\/ul>\n<h4><em><strong>Av\u00eds: Les dates proposades del mes de juny i posteriors s\u00f3n provisionals i poden variar en funci\u00f3 de la pand\u00e8mia.<\/strong><\/em><\/h4>\n<ul style=\"list-style-type: circle;\">\n<li><a href=\"https:\/\/agora.xtec.cat\/ceipvistaalegre\/general\/llista-de-sollicituds-amb-puntuacio-provisional-preinscripcio-2020-21\/\">Llista de sol\u00b7licituds amb la puntuaci\u00f3 provisional<\/a>: 29 de maig de 2020.<\/li>\n<li>Presentaci\u00f3 de reclamacions: del 2 al 5 de juny de 2020.<\/li>\n<li>LLista de sol\u00b7licituds amb la puntuaci\u00f3 un cop resoltes les reclamacions: 9 de juny de 2020.<\/li>\n<li>Sorteig del n\u00famero de desempat: 9 de juny de 2020, a les 11 h.<\/li>\n<li>Llista ordenada definitiva: 11 de juny de 2020.<\/li>\n<li>Ampliaci\u00f3 de petici\u00f3 de centres per a les sol\u00b7licituds que no han obtingut cap assignaci\u00f3 (assignaci\u00f3 d&#8217;ofici): des del 26 al 29 de juny de 2020.<\/li>\n<li>Oferta final de places escolars: 6 de juliol de 2020.<\/li>\n<li>LLista d&#8217;alumnes admesos i llista d&#8217;espera: 7 de juliol de 2020.<\/li>\n<\/ul>\n<p><strong>MATR\u00cdCULA<\/strong><\/p>\n<ul style=\"list-style-type: square;\">\n<li>Alumnes preinscrits amb pla\u00e7a assignada a segon d&#8217;educaci\u00f3 infantil, educaci\u00f3 prim\u00e0ria i ESO: <strong>del 13 al 17 de juliol de 2020.<\/strong><\/li>\n<\/ul>\n<p><a href=\"http:\/\/queestudiar.gencat.cat\/ca\/preinscripcio\/\">Preinscripci\u00f3 i matr\u00edcula curs 2020-21<\/a><\/p>\n","protected":false},"excerpt":{"rendered":"<p><a href=\"https:\/\/agora.xtec.cat\/ceipvistaalegre\/wp-content\/uploads\/usu1936\/2020\/05\/PicsArt_05-23-11.49.06.jpg\"><\/a><br \/>\nPREINSCRIPCI\u00d3<\/p>\n<ul>\n<li>Oferta inicial de places escolars: 8 de maig de 2020.<\/li>\n<li>Presentaci\u00f3 de sol\u00b7licitus amb suport inform\u00e0tic: del 13 al 22 de maig de 2020.<\/li>\n<li>Presentaci\u00f3 de sol\u00b7licituds presencialment amb cita pr\u00e8via: del 19 al 22 de maig de 2020.<\/li>\n<li>Presentaci\u00f3 de documentaci\u00f3: fins al 25 de maig&hellip;  <a href=\"https:\/\/agora.xtec.cat\/ceipvistaalegre\/general\/calendari-preinscripcio-i-matricula\/\" title=\"Read CALENDARI PREINSCRIPCI\u00d3 I MATR\u00cdCULA\">Llegeix m\u00e9s\u00bb<\/a><br \/>\n","protected":false},"author":3,"featured_media":0,"comment_status":"open","ping_status":"closed","sticky":false,"template":"","format":"standard","meta":{"_bbp_topic_count":0,"_bbp_reply_count":0,"_bbp_total_topic_count":0,"_bbp_total_reply_count":0,"_bbp_voice_count":0,"_bbp_anonymous_reply_count":0,"_bbp_topic_count_hidden":0,"_bbp_reply_count_hidden":0,"_bbp_forum_subforum_count":0,"footnotes":""},"categories":[1,4],"tags":[141],"class_list":["post-2643","post","type-post","status-publish","format-standard","hentry","category-general","category-portada","tag-calendari-preinscripcio-matricula-curs20-21"],"post_mailing_queue_ids":[],"_links":{"self":[{"href":"https:\/\/agora.xtec.cat\/ceipvistaalegre\/wp-json\/wp\/v2\/posts\/2643","targetHints":{"allow":["GET"]}}],"collection":[{"href":"https:\/\/agora.xtec.cat\/ceipvistaalegre\/wp-json\/wp\/v2\/posts"}],"about":[{"href":"https:\/\/agora.xtec.cat\/ceipvistaalegre\/wp-json\/wp\/v2\/types\/post"}],"author":[{"embeddable":true,"href":"https:\/\/agora.xtec.cat\/ceipvistaalegre\/wp-json\/wp\/v2\/users\/3"}],"replies":[{"embeddable":true,"href":"https:\/\/agora.xtec.cat\/ceipvistaalegre\/wp-json\/wp\/v2\/comments?post=2643"}],"version-history":[{"count":3,"href":"https:\/\/agora.xtec.cat\/ceipvistaalegre\/wp-json\/wp\/v2\/posts\/2643\/revisions"}],"predecessor-version":[{"id":2730,"href":"https:\/\/agora.xtec.cat\/ceipvistaalegre\/wp-json\/wp\/v2\/posts\/2643\/revisions\/2730"}],"wp:attachment":[{"href":"https:\/\/agora.xtec.cat\/ceipvistaalegre\/wp-json\/wp\/v2\/media?parent=2643"}],"wp:term":[{"taxonomy":"category","embeddable":true,"href":"https:\/\/agora.xtec.cat\/ceipvistaalegre\/wp-json\/wp\/v2\/categories?post=2643"},{"taxonomy":"post_tag","embeddable":true,"href":"https:\/\/agora.xtec.cat\/ceipvistaalegre\/wp-json\/wp\/v2\/tags?post=2643"}],"curies":[{"name":"wp","href":"https:\/\/api.w.org\/{rel}","templated":true}]}}