{"id":2548,"date":"2020-05-10T10:21:32","date_gmt":"2020-05-10T08:21:32","guid":{"rendered":"https:\/\/agora.xtec.cat\/ceipvistaalegre\/?p=2548"},"modified":"2020-05-10T10:21:32","modified_gmt":"2020-05-10T08:21:32","slug":"preinscripcio-escolar","status":"publish","type":"post","link":"https:\/\/agora.xtec.cat\/ceipvistaalegre\/general\/preinscripcio-escolar\/","title":{"rendered":"Preinscripci\u00f3 escolar"},"content":{"rendered":"<h4 style=\"text-align: center;\">Del 13 al 22 de maig, preinscripci\u00f3 a educaci\u00f3 infantil, prim\u00e0ria i ESO.<\/h4>\n<h4 style=\"text-align: center;\">Tot el tr\u00e0mit es podr\u00e0 fer online, com a mesura de prevenci\u00f3 pel coronavirus.<\/h4>\n<p style=\"text-align: center;\"><a href=\"https:\/\/web.gencat.cat\/ca\/videos\/index.html?bigId=7997472117050820\">Preinscripci\u00f3 2020\/21<\/a><\/p>\n<p><img loading=\"lazy\" decoding=\"async\" class=\"aligncenter\" src=\"https:\/\/agora.xtec.cat\/insaltfoix\/wp-content\/uploads\/usu1745\/2018\/12\/Educaci%C3%B3.gif\" alt=\"Ensenyament o Educaci\u00f3? El departament torna a canviar de nom ...\" width=\"385\" height=\"143\" \/><\/p>\n","protected":false},"excerpt":{"rendered":"<p>Del 13 al 22 de maig, preinscripci\u00f3 a educaci\u00f3 infantil, prim\u00e0ria i ESO.<br \/>\nTot el tr\u00e0mit es podr\u00e0 fer online, com a mesura de prevenci\u00f3 pel coronavirus.<br \/>\n<a href=\"https:\/\/web.gencat.cat\/ca\/videos\/index.html?bigId=7997472117050820\">Preinscripci\u00f3 2020\/21<\/a><\/p>\n","protected":false},"author":3,"featured_media":0,"comment_status":"open","ping_status":"closed","sticky":false,"template":"","format":"standard","meta":{"_bbp_topic_count":0,"_bbp_reply_count":0,"_bbp_total_topic_count":0,"_bbp_total_reply_count":0,"_bbp_voice_count":0,"_bbp_anonymous_reply_count":0,"_bbp_topic_count_hidden":0,"_bbp_reply_count_hidden":0,"_bbp_forum_subforum_count":0,"footnotes":""},"categories":[1,4],"tags":[],"class_list":["post-2548","post","type-post","status-publish","format-standard","hentry","category-general","category-portada"],"post_mailing_queue_ids":[],"_links":{"self":[{"href":"https:\/\/agora.xtec.cat\/ceipvistaalegre\/wp-json\/wp\/v2\/posts\/2548","targetHints":{"allow":["GET"]}}],"collection":[{"href":"https:\/\/agora.xtec.cat\/ceipvistaalegre\/wp-json\/wp\/v2\/posts"}],"about":[{"href":"https:\/\/agora.xtec.cat\/ceipvistaalegre\/wp-json\/wp\/v2\/types\/post"}],"author":[{"embeddable":true,"href":"https:\/\/agora.xtec.cat\/ceipvistaalegre\/wp-json\/wp\/v2\/users\/3"}],"replies":[{"embeddable":true,"href":"https:\/\/agora.xtec.cat\/ceipvistaalegre\/wp-json\/wp\/v2\/comments?post=2548"}],"version-history":[{"count":1,"href":"https:\/\/agora.xtec.cat\/ceipvistaalegre\/wp-json\/wp\/v2\/posts\/2548\/revisions"}],"predecessor-version":[{"id":2549,"href":"https:\/\/agora.xtec.cat\/ceipvistaalegre\/wp-json\/wp\/v2\/posts\/2548\/revisions\/2549"}],"wp:attachment":[{"href":"https:\/\/agora.xtec.cat\/ceipvistaalegre\/wp-json\/wp\/v2\/media?parent=2548"}],"wp:term":[{"taxonomy":"category","embeddable":true,"href":"https:\/\/agora.xtec.cat\/ceipvistaalegre\/wp-json\/wp\/v2\/categories?post=2548"},{"taxonomy":"post_tag","embeddable":true,"href":"https:\/\/agora.xtec.cat\/ceipvistaalegre\/wp-json\/wp\/v2\/tags?post=2548"}],"curies":[{"name":"wp","href":"https:\/\/api.w.org\/{rel}","templated":true}]}}