{"id":2503,"date":"2020-05-08T15:29:53","date_gmt":"2020-05-08T13:29:53","guid":{"rendered":"https:\/\/agora.xtec.cat\/ceipvistaalegre\/?p=2503"},"modified":"2020-05-24T08:56:24","modified_gmt":"2020-05-24T06:56:24","slug":"orientacions-i-instruccions-preinscripcio","status":"publish","type":"post","link":"https:\/\/agora.xtec.cat\/ceipvistaalegre\/general\/orientacions-i-instruccions-preinscripcio\/","title":{"rendered":"Orientacions i instruccions preinscripci\u00f3"},"content":{"rendered":"<p style=\"text-align: center;\"><a href=\"https:\/\/agora.xtec.cat\/ceipvistaalegre\/wp-content\/uploads\/usu1936\/2020\/05\/images.jpg\"><img loading=\"lazy\" decoding=\"async\" class=\"alignnone size-full wp-image-2504\" src=\"https:\/\/agora.xtec.cat\/ceipvistaalegre\/wp-content\/uploads\/usu1936\/2020\/05\/images.jpg\" alt=\"\" width=\"387\" height=\"130\" \/><\/a><\/p>\n<h1 style=\"text-align: center;\">INFORMACI\u00d3 IMPORTANT<\/h1>\n<h3 style=\"text-align: center;\"><strong>PROCEDIMENT DE PREINSCRIPCI\u00d3 CURS 2020-21<\/strong><\/h3>\n<h4 style=\"text-align: center;\">DEL 13 al 22 de MAIG de 2020<\/h4>\n<p><a href=\"https:\/\/agora.xtec.cat\/ceipvistaalegre\/wp-content\/uploads\/usu1936\/2020\/05\/descarga.jpg\"><img loading=\"lazy\" decoding=\"async\" class=\"wp-image-2505 aligncenter\" src=\"https:\/\/agora.xtec.cat\/ceipvistaalegre\/wp-content\/uploads\/usu1936\/2020\/05\/descarga.jpg\" alt=\"\" width=\"76\" height=\"66\" \/><\/a><\/p>\n<h5 style=\"text-align: center;\">VIA TEL\u00c8M\u00c0TICA<\/h5>\n<p style=\"text-align: justify;\">\u00c9s preferible presentar la sol\u00b7licitud en suport inform\u00e0tic, <strong>SENSE NECESSITAT DE VENIR al centre<\/strong>. Heu d&#8217;entrar al\u00a0<a href=\"http:\/\/ensenyament.gencat.cat\/ca\/tramits\/tramits-temes\/20483_preinscripcio_escolar?moda=1\"><strong>formulari<\/strong><\/a>\u00a0i omplir-ho. Un cop emplenat, haureu d&#8217;enviar el resguard de la sol\u00b7licitud i la documentaci\u00f3 necess\u00e0ria, escanejada o fotografiada, mitjan\u00e7ant un correu a la b\u00fastia electr\u00f2nica oficial del centre que heu demanat en <strong>primera opci\u00f3. <\/strong>En el cas del nostre centre<strong> a8034357@xtec.cat.<\/strong><a href=\"https:\/\/agora.xtec.cat\/ceipvistaalegre\/wp-content\/uploads\/usu1936\/2020\/05\/imagen_1_1518885171.png\"><img loading=\"lazy\" decoding=\"async\" class=\"wp-image-2506 aligncenter\" src=\"https:\/\/agora.xtec.cat\/ceipvistaalegre\/wp-content\/uploads\/usu1936\/2020\/05\/imagen_1_1518885171.png\" alt=\"\" width=\"86\" height=\"64\" \/><\/a><\/p>\n<h5 style=\"text-align: center;\"><strong>PRESENCIAL (del 19 al 22 de maig) DE MANERA EXCEPCIONAL<\/strong><\/h5>\n<p style=\"text-align: justify;\">Per aquells casos en que la preinscripci\u00f3 no es pugui fer telem\u00e0ticament, cal venir al centre a formalitzar la sol\u00b7licitud. En aquest cas, \u00a0<strong>NECESSITEU DIA I HORA DE CITA PR\u00c8VIA<\/strong>. La cita pr\u00e8via es podr\u00e0 demanar de les seg\u00fcents maneres:<\/p>\n<ul>\n<li><a href=\"https:\/\/aplicacions.gestioeducativa.gencat.cat\/pls\/apex\/f?p=CITA_PREVIA:4::::4:P4_TIPUS_CALENDARI,P4_DOMINI:01_Oblig,08034357\">Aplicaci\u00f3 Departament Cita Pr\u00e8via<\/a>. Podreu fer reserva del dia i la hora que millor us vagi.<\/li>\n<li>Enviant un correu electr\u00f2nic amb dues propostes de dia i hora a <strong>a8034357@xtec.cat<\/strong>. Caldr\u00e0 que espereu la resposta de confirmaci\u00f3.<\/li>\n<li>Trucant al tel\u00e8fon <strong>655072990<\/strong> de 9:00 h a 16:30 h a partir del <strong>dimecres 13 de maig,\u00a0<\/strong>on us donarem ja la confirmaci\u00f3 del dia i la hora.<\/li>\n<\/ul>\n<p><a href=\"https:\/\/agora.xtec.cat\/ceipvistaalegre\/wp-content\/uploads\/usu1936\/2020\/05\/funciones-fecha-hora.jpg\"><img loading=\"lazy\" decoding=\"async\" class=\"wp-image-2507 alignright\" src=\"https:\/\/agora.xtec.cat\/ceipvistaalegre\/wp-content\/uploads\/usu1936\/2020\/05\/funciones-fecha-hora.jpg\" alt=\"\" width=\"84\" height=\"84\" \/><\/a><\/p>\n<p style=\"text-align: justify;\"><strong>IMPORTANT: L&#8217;atenci\u00f3 presencial amb cita pr\u00e8via al centre ser\u00e0 de 9:30 h a 13:30 el dimarts 19, dimecres 20 i divendres 22 de maig. El dijous 21 ser\u00e0 de 15:00 h a 17:00 h.<\/strong><\/p>\n<p style=\"text-align: justify;\">Cal que seguiu i respecteu les seg\u00fcents indicacions:<\/p>\n<ul>\n<li style=\"text-align: justify;\">Ha de venir el menor nombre possible de persones a fer la gesti\u00f3 (preferiblement, una sola persona).<\/li>\n<li style=\"text-align: justify;\">Heu de portar la documentaci\u00f3 original per poder escanejar-la o fotocopiar, i sempre que sigui possible, la sol\u00b7licitud emplenada des de casa i les fotoc\u00f2pies dels documents.<\/li>\n<li style=\"text-align: justify;\">Recomanem porteu guants i mascaretes.<\/li>\n<li style=\"text-align: justify;\">No han d&#8217;acudir al centre les persones de grups d&#8217;especial vulnerabilitat o en per\u00edode de confinament, o que presentin s\u00edmptomes.<\/li>\n<li>No es faran visites guiades ni es podran veure els diferents espais de l&#8217;escola.<\/li>\n<\/ul>\n<p><img loading=\"lazy\" decoding=\"async\" class=\"aligncenter\" src=\"https:\/\/reskytnew.s3.amazonaws.com\/2394\/escola-la-noguera-119684-med-150910143948.png\" alt=\"Documentaci\u00f3\" width=\"86\" height=\"77\" \/><\/p>\n<p><a href=\"http:\/\/ensenyament.gencat.cat\/web\/shared\/OVT\/Departaments\/ENS\/TramitOVT\/preinscripcio\/obligatoris\/A42.pdf\">FORMULARI<\/a><\/p>\n<p style=\"text-align: justify;\"><strong>DOCUMENTACI\u00d3 IDENTIFICATIVA QUE CAL ADJUNTAR AL FORMULARI PREINSCRIPCI\u00d3:<\/strong><\/p>\n<ul style=\"list-style-type: circle;\">\n<li style=\"text-align: justify;\">Llibre de fam\u00edlia o altres documents relatius a la filiaci\u00f3. Si el\/la nen\/a est\u00e0 en situaci\u00f3 d&#8217;acolliment, la resoluci\u00f3 per part del Departament de Treball, Afers Socials i Fam\u00edlies.<\/li>\n<li style=\"text-align: justify;\">DNI de la persona sol\u00b7licitant (pare, mare o tutor\/a). Si el\/la sol\u00b7licitant \u00e9s estranger\/a, de la targeta de resid\u00e8ncia on consta el NIE o el passaport. Si es tracta d&#8217;estrangers comunitaris, document d&#8217;identitat del pa\u00eds d&#8217;origen.<\/li>\n<li style=\"text-align: justify;\">DNI de l&#8217;infant, si en t\u00e9.<\/li>\n<\/ul>\n<div class=\"FW_sPregunta FW_sImpacte\">\n<div class=\"FW_sArticleFoto\">\n<div class=\"FW_sEditPro\">\n<p><span style=\"font-size: 1.125em; font-weight: bold; line-height: 1.2125em;\">Documentaci\u00f3 acreditativa dels criteris de prioritat<\/span><\/p>\n<\/div>\n<\/div>\n<\/div>\n<div class=\"FW_sPregunta FW_sImpacte\">\n<div class=\"FW_sArticleFoto\">\n<div class=\"FW_sEditPro\">\n<p style=\"text-align: justify;\">Les persones que al\u00b7leguen el compliment d&#8217;un o m\u00e9s criteris de prioritat han d&#8217;enviar o presentar tamb\u00e9 la\u00a0<strong>documentaci\u00f3<\/strong>\u00a0escanejada o fotografiada, per les dues cares, que s&#8217;indica:<\/p>\n<ul style=\"list-style-type: circle;\">\n<li>Tenir germans al centre. No cal fer res.<\/li>\n<li>Acreditaci\u00f3 de ser beneficiaris de l&#8217;ajut de la renda garantida de ciutadania.<\/li>\n<li><span style=\"font-family: inherit; font-size: 1em; line-height: 1.6;\">Certificat o la targeta acreditativa de la discapacitat de la persona que n&#8217;al\u00b7lega la condici\u00f3 em\u00e8s pel Departament de Treball, Afers Socials i Fam\u00edlies o organismes competents d&#8217;altres comunitats aut\u00f2nomes.<\/span><\/li>\n<li>Document acreditatiu de ser beneficiari d&#8217;una pensi\u00f3 d&#8217;incapacitat permanent de grau total o de gran invalidesa i els de les classes passives que tenen reconeguda una pensi\u00f3 de jubilaci\u00f3 o de retir per incapacitat permanent per al servei o inutilitat.<\/li>\n<li>T\u00edtol de fam\u00edlia nombrosa.<\/li>\n<\/ul>\n<\/div>\n<\/div>\n<\/div>\n<p><a href=\"https:\/\/agora.xtec.cat\/ceipvistaalegre\/wp-content\/uploads\/usu1936\/2020\/05\/CALENDARI-PREINSCRIPCI\u00d3-I-MATR\u00cdCULA.pdf\">CALENDARI PREINSCRIPCI\u00d3 I MATR\u00cdCULA<\/a><\/p>\n<p>Per a m\u00e9s informaci\u00f3: <a href=\"http:\/\/queestudiar.gencat.cat\/ca\/preinscripcio\/\">http:\/\/queestudiar.gencat.cat\/ca\/preinscripcio\/<\/a><\/p>\n<p>Informaci\u00f3 sobre l&#8217;oferta educativa: <a href=\"http:\/\/mapaescolar.gencat.cat\/\">http:\/\/mapaescolar.gencat.cat\/<\/a><\/p>\n","protected":false},"excerpt":{"rendered":"<p><a href=\"https:\/\/agora.xtec.cat\/ceipvistaalegre\/wp-content\/uploads\/usu1936\/2020\/05\/images.jpg\"><\/a><br \/>\nINFORMACI\u00d3 IMPORTANT<br \/>\nPROCEDIMENT DE PREINSCRIPCI\u00d3 CURS 2020-21<br \/>\nDEL 13 al 22 de MAIG de 2020<br \/>\n<a href=\"https:\/\/agora.xtec.cat\/ceipvistaalegre\/wp-content\/uploads\/usu1936\/2020\/05\/descarga.jpg\"><\/a><br \/>\nVIA TEL\u00c8M\u00c0TICA<br \/>\n\u00c9s preferible presentar la sol\u00b7licitud en suport inform\u00e0tic, SENSE NECESSITAT DE VENIR al centre. Heu d&#8217;entrar al\u00a0<a href=\"http:\/\/ensenyament.gencat.cat\/ca\/tramits\/tramits-temes\/20483_preinscripcio_escolar?moda=1\">formulari<\/a>\u00a0i omplir-ho. Un cop emplenat, haureu d&#8217;enviar el resguard de la sol\u00b7licitud i&hellip;  <a href=\"https:\/\/agora.xtec.cat\/ceipvistaalegre\/general\/orientacions-i-instruccions-preinscripcio\/\" title=\"Read Orientacions i instruccions preinscripci\u00f3\">Llegeix m\u00e9s\u00bb<\/a><\/p>\n","protected":false},"author":3,"featured_media":0,"comment_status":"open","ping_status":"closed","sticky":false,"template":"","format":"standard","meta":{"_bbp_topic_count":0,"_bbp_reply_count":0,"_bbp_total_topic_count":0,"_bbp_total_reply_count":0,"_bbp_voice_count":0,"_bbp_anonymous_reply_count":0,"_bbp_topic_count_hidden":0,"_bbp_reply_count_hidden":0,"_bbp_forum_subforum_count":0,"footnotes":""},"categories":[1,4],"tags":[],"class_list":["post-2503","post","type-post","status-publish","format-standard","hentry","category-general","category-portada"],"post_mailing_queue_ids":[],"_links":{"self":[{"href":"https:\/\/agora.xtec.cat\/ceipvistaalegre\/wp-json\/wp\/v2\/posts\/2503","targetHints":{"allow":["GET"]}}],"collection":[{"href":"https:\/\/agora.xtec.cat\/ceipvistaalegre\/wp-json\/wp\/v2\/posts"}],"about":[{"href":"https:\/\/agora.xtec.cat\/ceipvistaalegre\/wp-json\/wp\/v2\/types\/post"}],"author":[{"embeddable":true,"href":"https:\/\/agora.xtec.cat\/ceipvistaalegre\/wp-json\/wp\/v2\/users\/3"}],"replies":[{"embeddable":true,"href":"https:\/\/agora.xtec.cat\/ceipvistaalegre\/wp-json\/wp\/v2\/comments?post=2503"}],"version-history":[{"count":2,"href":"https:\/\/agora.xtec.cat\/ceipvistaalegre\/wp-json\/wp\/v2\/posts\/2503\/revisions"}],"predecessor-version":[{"id":2585,"href":"https:\/\/agora.xtec.cat\/ceipvistaalegre\/wp-json\/wp\/v2\/posts\/2503\/revisions\/2585"}],"wp:attachment":[{"href":"https:\/\/agora.xtec.cat\/ceipvistaalegre\/wp-json\/wp\/v2\/media?parent=2503"}],"wp:term":[{"taxonomy":"category","embeddable":true,"href":"https:\/\/agora.xtec.cat\/ceipvistaalegre\/wp-json\/wp\/v2\/categories?post=2503"},{"taxonomy":"post_tag","embeddable":true,"href":"https:\/\/agora.xtec.cat\/ceipvistaalegre\/wp-json\/wp\/v2\/tags?post=2503"}],"curies":[{"name":"wp","href":"https:\/\/api.w.org\/{rel}","templated":true}]}}