{"id":2467,"date":"2020-05-07T17:35:05","date_gmt":"2020-05-07T15:35:05","guid":{"rendered":"https:\/\/agora.xtec.cat\/ceipvistaalegre\/?p=2467"},"modified":"2020-05-10T10:22:27","modified_gmt":"2020-05-10T08:22:27","slug":"comunicat-preinscripcio-2020-21-2","status":"publish","type":"post","link":"https:\/\/agora.xtec.cat\/ceipvistaalegre\/general\/comunicat-preinscripcio-2020-21-2\/","title":{"rendered":"COMUNICAT &#8211; Preinscripci\u00f3 2020-21"},"content":{"rendered":"<p><a href=\"https:\/\/agora.xtec.cat\/ceipvistaalegre\/wp-content\/uploads\/usu1936\/2020\/05\/PicsArt_05-07-04.42.37.jpg\"><br \/>\n<img loading=\"lazy\" decoding=\"async\" class=\"wp-image-2468 aligncenter\" src=\"https:\/\/agora.xtec.cat\/ceipvistaalegre\/wp-content\/uploads\/usu1936\/2020\/05\/PicsArt_05-07-04.42.37-1024x1024.jpg\" alt=\"\" width=\"423\" height=\"423\" \/><\/a><\/p>\n<h1 class=\"titulo-capcalera\" style=\"text-align: center;\">La preinscripci\u00f3 escolar per l&#8217;educaci\u00f3 infantil, prim\u00e0ria i ESO ser\u00e0 entre el 13 i el 22 de maig<\/h1>\n<p style=\"text-align: left;\">A partir el 13 de maig i fins el 22 del mateix mes es podr\u00e0 dur a terme la preinscripci\u00f3 escolar per als ensenyaments de primer i segon cicle d\u2019educaci\u00f3 infantil, educaci\u00f3 prim\u00e0ria i educaci\u00f3 secund\u00e0ria obligat\u00f2ria. Un proc\u00e9s que enguany, a causa de les circumst\u00e0ncies extraordin\u00e0ries per la covid-19, tindr\u00e0 uns dies espec\u00edfics per atendre les preinscripcions presencials.<\/p>\n<p style=\"text-align: left;\">Aix\u00ed, com a prevenci\u00f3 davant el coronavirus, es promou la preinscripci\u00f3 telem\u00e0tica, i el tr\u00e0mit es podr\u00e0 fer tot online, a trav\u00e9s del portal <a href=\"http:\/\/queestudiar.gencat.cat\/ca\/preinscripcio\/\">preinscripcio.gencat.cat<\/a>. <strong>S\u2019elimina la necessitat de presentar la sol\u00b7licitud i la documentaci\u00f3 en paper al centre, i queda substitu\u00efda per utilitzar\u00a0 el formulari telem\u00e0tic i enviar la documentaci\u00f3 necess\u00e0ria -escanejada o fotografiada- mitjan\u00e7ant un correu a la b\u00fastia electr\u00f2nica oficial del centre demanat en primera opci\u00f3.<\/strong><\/p>\n<p>Aquelles fam\u00edlies que no disposin dels mitjans per dur a terme el procediment telem\u00e0tic, i amb l\u2019objectiu de garantir l\u2019equitat, disposareu d\u2019uns dies per poder lliurar les sol\u00b7licituds de forma presencial. Aix\u00ed, la preinscripci\u00f3 presencial estar\u00e0 disponible a partir del 19 de maig i fins el 22 de maig incl\u00f2s. Per a fer-ho, caldr\u00e0 demanar cita pr\u00e8via al centre que les fam\u00edlies hagin escollit en primera opci\u00f3 trucant per tel\u00e8fon o a trav\u00e9s d\u2019Internet.<\/p>\n<p>Per a m\u00e9s informaci\u00f3:<\/p>\n<p><a href=\"http:\/\/ensenyament.gencat.cat\/ca\/inici\/nota-premsa\/?id=385690\">Departament d&#8217;Educaci\u00f3 &#8211; Nota de premsa<\/a><\/p>\n<p><a href=\"http:\/\/queestudiar.gencat.cat\/ca\/preinscripcio\/\">Preinscripci\u00f3 2020-21<\/a><\/p>\n<p>&nbsp;<\/p>\n","protected":false},"excerpt":{"rendered":"<p><a href=\"https:\/\/agora.xtec.cat\/ceipvistaalegre\/wp-content\/uploads\/usu1936\/2020\/05\/PicsArt_05-07-04.42.37.jpg\"><br \/>\n<\/a><br \/>\nLa preinscripci\u00f3 escolar per l&#8217;educaci\u00f3 infantil, prim\u00e0ria i ESO ser\u00e0 entre el 13 i el 22 de maig<br \/>\nA partir el 13 de maig i fins el 22 del mateix mes es podr\u00e0 dur a terme la preinscripci\u00f3 escolar per als ensenyaments de primer i&hellip;  <a href=\"https:\/\/agora.xtec.cat\/ceipvistaalegre\/general\/comunicat-preinscripcio-2020-21-2\/\" title=\"Read COMUNICAT &#8211; Preinscripci\u00f3 2020-21\">Llegeix m\u00e9s\u00bb<\/a><\/p>\n","protected":false},"author":3,"featured_media":0,"comment_status":"open","ping_status":"closed","sticky":false,"template":"","format":"standard","meta":{"_bbp_topic_count":0,"_bbp_reply_count":0,"_bbp_total_topic_count":0,"_bbp_total_reply_count":0,"_bbp_voice_count":0,"_bbp_anonymous_reply_count":0,"_bbp_topic_count_hidden":0,"_bbp_reply_count_hidden":0,"_bbp_forum_subforum_count":0,"footnotes":""},"categories":[1,4],"tags":[136],"class_list":["post-2467","post","type-post","status-publish","format-standard","hentry","category-general","category-portada","tag-preinscripcio-infantil-primaria-escola"],"post_mailing_queue_ids":[],"_links":{"self":[{"href":"https:\/\/agora.xtec.cat\/ceipvistaalegre\/wp-json\/wp\/v2\/posts\/2467","targetHints":{"allow":["GET"]}}],"collection":[{"href":"https:\/\/agora.xtec.cat\/ceipvistaalegre\/wp-json\/wp\/v2\/posts"}],"about":[{"href":"https:\/\/agora.xtec.cat\/ceipvistaalegre\/wp-json\/wp\/v2\/types\/post"}],"author":[{"embeddable":true,"href":"https:\/\/agora.xtec.cat\/ceipvistaalegre\/wp-json\/wp\/v2\/users\/3"}],"replies":[{"embeddable":true,"href":"https:\/\/agora.xtec.cat\/ceipvistaalegre\/wp-json\/wp\/v2\/comments?post=2467"}],"version-history":[{"count":3,"href":"https:\/\/agora.xtec.cat\/ceipvistaalegre\/wp-json\/wp\/v2\/posts\/2467\/revisions"}],"predecessor-version":[{"id":2550,"href":"https:\/\/agora.xtec.cat\/ceipvistaalegre\/wp-json\/wp\/v2\/posts\/2467\/revisions\/2550"}],"wp:attachment":[{"href":"https:\/\/agora.xtec.cat\/ceipvistaalegre\/wp-json\/wp\/v2\/media?parent=2467"}],"wp:term":[{"taxonomy":"category","embeddable":true,"href":"https:\/\/agora.xtec.cat\/ceipvistaalegre\/wp-json\/wp\/v2\/categories?post=2467"},{"taxonomy":"post_tag","embeddable":true,"href":"https:\/\/agora.xtec.cat\/ceipvistaalegre\/wp-json\/wp\/v2\/tags?post=2467"}],"curies":[{"name":"wp","href":"https:\/\/api.w.org\/{rel}","templated":true}]}}