{"id":2385,"date":"2020-04-30T17:52:39","date_gmt":"2020-04-30T15:52:39","guid":{"rendered":"https:\/\/agora.xtec.cat\/ceipvistaalegre\/?p=2385"},"modified":"2020-04-30T17:52:39","modified_gmt":"2020-04-30T15:52:39","slug":"repte-mataro-suma-passes","status":"publish","type":"post","link":"https:\/\/agora.xtec.cat\/ceipvistaalegre\/general\/repte-mataro-suma-passes\/","title":{"rendered":"Repte: Matar\u00f3 suma passes"},"content":{"rendered":"<div><\/div>\n<p><span lang=\"ca\">Aquests dies de confinament hem hagut d&#8217;adaptar moltes de les nostres rutines per poder-les realitzar dins de casa. Una d&#8217;elles \u00e9s la pr\u00e0ctica d&#8217;activitat f\u00edsica.<\/span><\/p>\n<p><span lang=\"ca\">Al mateix temps, hi ha moltes persones que ens fan el confinament m\u00e9s suportable: professionals, familiars, amistats,&#8230; i els ho voldr\u00edem agrair.<\/span><\/p>\n<p><span lang=\"ca\">Des de l&#8217;Ajuntament i en el marc de la campanya Matar\u00f3 es queda a casa, proposen a la ciutadania de participar en aquest repte.\u00a0Es tracta de caminar, el proper diumenge 3 de maig\u00a0entre les 9 h i les 21 h, per terrasses, balcons o estances de la llar, sols o en fam\u00edlia, sumant un gran nombre de passes per dedicar-les a aquelles persones a qui es vulgui\u00a0agrair la seva tasca o suport. En cas de poder sortir al carrer, tamb\u00e9 us podeu afegir!<\/span><\/p>\n<p><span lang=\"ca\">En acabar, ens podem fer una foto amb el dorsal de l&#8217;activitat i compartir-la a les xarxes socials amb la dedicat\u00f2ria a les persones o col\u00b7lectius que vulguin.<\/span><\/p>\n<p><span lang=\"ca\">Despr\u00e9s, enviar un correu electr\u00f2nic a\u00a0<\/span><a href=\"mailto:salutpublica@ajmataro.cat\" target=\"_blank\" rel=\"noopener noreferrer\"><span lang=\"ca\">salutpublica@ajmataro.cat<\/span><\/a><span lang=\"ca\">\u00a0<\/span><span lang=\"ca\">am<wbr \/>b el\u00a0nom i el nombre de\u00a0passes fetes, per tenir un recull de ciutat.<\/span><\/p>\n<p><span lang=\"ca\">En aquest enlla\u00e7 hi trobareu la informaci\u00f3\u00a0<a id=\"m_7678107986658284213LPlnk838351\" href=\"https:\/\/www.mataro.cat\/ca\/temes\/salut-publica\/fem-salut-a-casa\/mataro-suma-passes\" target=\"_blank\" rel=\"noopener noreferrer\" data-saferedirecturl=\"https:\/\/www.google.com\/url?q=https:\/\/www.mataro.cat\/ca\/temes\/salut-publica\/fem-salut-a-casa\/mataro-suma-passes&amp;source=gmail&amp;ust=1588347841419000&amp;usg=AFQjCNFJweS1PTIrEODTyw3LMJZa__p91A\">https:\/\/www.mataro.<wbr \/>cat\/ca\/temes\/salut-publica\/<wbr \/>fem-salut-a-casa\/mataro-suma-<wbr \/>passes<\/a><\/span><\/p>\n<div><\/div>\n<div><a href=\"https:\/\/agora.xtec.cat\/ceipvistaalegre\/wp-content\/uploads\/usu1936\/2020\/04\/suma-passes_dorsal.jpg\"><img loading=\"lazy\" decoding=\"async\" class=\"wp-image-2386 aligncenter\" src=\"https:\/\/agora.xtec.cat\/ceipvistaalegre\/wp-content\/uploads\/usu1936\/2020\/04\/suma-passes_dorsal-1024x576.jpg\" alt=\"\" width=\"407\" height=\"229\" \/><\/a><\/div>\n","protected":false},"excerpt":{"rendered":"<p>Aquests dies de confinament hem hagut d&#8217;adaptar moltes de les nostres rutines per poder-les realitzar dins de casa. Una d&#8217;elles \u00e9s la pr\u00e0ctica d&#8217;activitat f\u00edsica.<br \/>\nAl mateix temps, hi ha moltes persones que ens fan el confinament m\u00e9s suportable: professionals, familiars, amistats,&#8230; i els ho voldr\u00edem&hellip;  <a href=\"https:\/\/agora.xtec.cat\/ceipvistaalegre\/general\/repte-mataro-suma-passes\/\" title=\"Read Repte: Matar\u00f3 suma passes\">Llegeix m\u00e9s\u00bb<\/a><\/p>\n","protected":false},"author":3,"featured_media":0,"comment_status":"open","ping_status":"closed","sticky":false,"template":"","format":"standard","meta":{"_bbp_topic_count":0,"_bbp_reply_count":0,"_bbp_total_topic_count":0,"_bbp_total_reply_count":0,"_bbp_voice_count":0,"_bbp_anonymous_reply_count":0,"_bbp_topic_count_hidden":0,"_bbp_reply_count_hidden":0,"_bbp_forum_subforum_count":0,"footnotes":""},"categories":[1,4],"tags":[132],"class_list":["post-2385","post","type-post","status-publish","format-standard","hentry","category-general","category-portada","tag-matarosumapasses-femciutat-repte"],"post_mailing_queue_ids":[],"_links":{"self":[{"href":"https:\/\/agora.xtec.cat\/ceipvistaalegre\/wp-json\/wp\/v2\/posts\/2385","targetHints":{"allow":["GET"]}}],"collection":[{"href":"https:\/\/agora.xtec.cat\/ceipvistaalegre\/wp-json\/wp\/v2\/posts"}],"about":[{"href":"https:\/\/agora.xtec.cat\/ceipvistaalegre\/wp-json\/wp\/v2\/types\/post"}],"author":[{"embeddable":true,"href":"https:\/\/agora.xtec.cat\/ceipvistaalegre\/wp-json\/wp\/v2\/users\/3"}],"replies":[{"embeddable":true,"href":"https:\/\/agora.xtec.cat\/ceipvistaalegre\/wp-json\/wp\/v2\/comments?post=2385"}],"version-history":[{"count":2,"href":"https:\/\/agora.xtec.cat\/ceipvistaalegre\/wp-json\/wp\/v2\/posts\/2385\/revisions"}],"predecessor-version":[{"id":2388,"href":"https:\/\/agora.xtec.cat\/ceipvistaalegre\/wp-json\/wp\/v2\/posts\/2385\/revisions\/2388"}],"wp:attachment":[{"href":"https:\/\/agora.xtec.cat\/ceipvistaalegre\/wp-json\/wp\/v2\/media?parent=2385"}],"wp:term":[{"taxonomy":"category","embeddable":true,"href":"https:\/\/agora.xtec.cat\/ceipvistaalegre\/wp-json\/wp\/v2\/categories?post=2385"},{"taxonomy":"post_tag","embeddable":true,"href":"https:\/\/agora.xtec.cat\/ceipvistaalegre\/wp-json\/wp\/v2\/tags?post=2385"}],"curies":[{"name":"wp","href":"https:\/\/api.w.org\/{rel}","templated":true}]}}