{"id":2362,"date":"2020-04-27T21:38:41","date_gmt":"2020-04-27T19:38:41","guid":{"rendered":"https:\/\/agora.xtec.cat\/ceipvistaalegre\/?p=2362"},"modified":"2020-04-27T21:38:41","modified_gmt":"2020-04-27T19:38:41","slug":"castells","status":"publish","type":"post","link":"https:\/\/agora.xtec.cat\/ceipvistaalegre\/infantil\/castells\/","title":{"rendered":"Castells."},"content":{"rendered":"<p>Els nens i les nenes d&#8217;Ed. Infantil el divendres a la tarda fem Espais. Aprofitant que hem celebrat Sant Jordi, aquest divendres\u00a0 l&#8217;hem dedicat\u00a0 a la construcci\u00f3 de castells, per\u00f2 des de casa. Han quedat uns castells espectaculars i tots fets amb material reciclat.<\/p>\n<p>Bona\u00a0 feina Dinosaures, Gossos i Dofins!!!<\/p>\n<p>Moltes gr\u00e0cies fam\u00edlies per fer tot aix\u00f2 possible des de casa.<\/p>\n<p><a href=\"https:\/\/drive.google.com\/drive\/folders\/1Ie8nsmq3lgdi4z6W1-SACwQIF4TeyvKf?usp=sharing\">ELS CASTELLS D&#8217;INFANTIL<\/a>.<\/p>\n<p>&nbsp;<\/p>\n","protected":false},"excerpt":{"rendered":"<p>Els nens i les nenes d&#8217;Ed. Infantil el divendres a la tarda fem Espais. Aprofitant que hem celebrat Sant Jordi, aquest divendres\u00a0 l&#8217;hem dedicat\u00a0 a la construcci\u00f3 de castells, per\u00f2 des de casa. Han quedat uns castells espectaculars i tots fets amb material reciclat.<br \/>\nBona\u00a0 feina&hellip;  <a href=\"https:\/\/agora.xtec.cat\/ceipvistaalegre\/infantil\/castells\/\" title=\"Read Castells.\">Llegeix m\u00e9s\u00bb<\/a><\/p>\n","protected":false},"author":4,"featured_media":0,"comment_status":"open","ping_status":"closed","sticky":false,"template":"","format":"standard","meta":{"_bbp_topic_count":0,"_bbp_reply_count":0,"_bbp_total_topic_count":0,"_bbp_total_reply_count":0,"_bbp_voice_count":0,"_bbp_anonymous_reply_count":0,"_bbp_topic_count_hidden":0,"_bbp_reply_count_hidden":0,"_bbp_forum_subforum_count":0,"footnotes":""},"categories":[3,8,2],"tags":[129,130,131,111],"class_list":["post-2362","post","type-post","status-publish","format-standard","hentry","category-infantil-3-anys","category-infantil-4-anys","category-infantil","tag-construccions","tag-educacio-infantil","tag-espais","tag-reciclatge"],"post_mailing_queue_ids":[],"_links":{"self":[{"href":"https:\/\/agora.xtec.cat\/ceipvistaalegre\/wp-json\/wp\/v2\/posts\/2362","targetHints":{"allow":["GET"]}}],"collection":[{"href":"https:\/\/agora.xtec.cat\/ceipvistaalegre\/wp-json\/wp\/v2\/posts"}],"about":[{"href":"https:\/\/agora.xtec.cat\/ceipvistaalegre\/wp-json\/wp\/v2\/types\/post"}],"author":[{"embeddable":true,"href":"https:\/\/agora.xtec.cat\/ceipvistaalegre\/wp-json\/wp\/v2\/users\/4"}],"replies":[{"embeddable":true,"href":"https:\/\/agora.xtec.cat\/ceipvistaalegre\/wp-json\/wp\/v2\/comments?post=2362"}],"version-history":[{"count":3,"href":"https:\/\/agora.xtec.cat\/ceipvistaalegre\/wp-json\/wp\/v2\/posts\/2362\/revisions"}],"predecessor-version":[{"id":2378,"href":"https:\/\/agora.xtec.cat\/ceipvistaalegre\/wp-json\/wp\/v2\/posts\/2362\/revisions\/2378"}],"wp:attachment":[{"href":"https:\/\/agora.xtec.cat\/ceipvistaalegre\/wp-json\/wp\/v2\/media?parent=2362"}],"wp:term":[{"taxonomy":"category","embeddable":true,"href":"https:\/\/agora.xtec.cat\/ceipvistaalegre\/wp-json\/wp\/v2\/categories?post=2362"},{"taxonomy":"post_tag","embeddable":true,"href":"https:\/\/agora.xtec.cat\/ceipvistaalegre\/wp-json\/wp\/v2\/tags?post=2362"}],"curies":[{"name":"wp","href":"https:\/\/api.w.org\/{rel}","templated":true}]}}