{"id":2312,"date":"2020-04-26T19:31:09","date_gmt":"2020-04-26T17:31:09","guid":{"rendered":"https:\/\/agora.xtec.cat\/ceipvistaalegre\/?p=2312"},"modified":"2020-04-26T19:31:09","modified_gmt":"2020-04-26T17:31:09","slug":"sant-jordi-amb-puff-el-drac-magic","status":"publish","type":"post","link":"https:\/\/agora.xtec.cat\/ceipvistaalegre\/primaria\/sant-jordi-amb-puff-el-drac-magic\/","title":{"rendered":"Sant Jordi amb &#8220;Puff, el drac m\u00e0gic&#8221;"},"content":{"rendered":"<p>Com ja sabeu, un dels personatges principals de la llegenda de Sant Jordi \u00e9s el drac.<\/p>\n<p>\u00c9s per aix\u00f2 que aquest any els nens i nenes de 6\u00e8 han descobert la can\u00e7\u00f3 &#8220;<a href=\"https:\/\/www.youtube.com\/watch?v=2VxZ-RqTpDM\">Puff, el drac m\u00e0gic&#8221;<\/a>. I des de casa seva, han interpretat la hist\u00f2ria i ens han enviat aquestes imatges.<\/p>\n<p><a href=\"https:\/\/agora.xtec.cat\/ceipvistaalegre\/wp-content\/uploads\/usu1936\/2020\/04\/PicsArt_04-25-10.12.44.jpg\"><img loading=\"lazy\" decoding=\"async\" class=\"alignnone wp-image-2316 size-medium\" src=\"https:\/\/agora.xtec.cat\/ceipvistaalegre\/wp-content\/uploads\/usu1936\/2020\/04\/PicsArt_04-25-10.12.44-300x300.jpg\" alt=\"\" width=\"300\" height=\"300\" \/><\/a><\/p>\n<p><a href=\"https:\/\/agora.xtec.cat\/ceipvistaalegre\/wp-content\/uploads\/usu1936\/2020\/04\/PicsArt_04-25-08.34.40-1.jpg\"><img loading=\"lazy\" decoding=\"async\" class=\"alignnone wp-image-2315 size-medium\" src=\"https:\/\/agora.xtec.cat\/ceipvistaalegre\/wp-content\/uploads\/usu1936\/2020\/04\/PicsArt_04-25-08.34.40-1-300x300.jpg\" alt=\"\" width=\"300\" height=\"300\" \/><\/a><\/p>\n<p><a href=\"https:\/\/agora.xtec.cat\/ceipvistaalegre\/wp-content\/uploads\/usu1936\/2020\/04\/PicsArt_04-25-08.32.24.jpg\"><img loading=\"lazy\" decoding=\"async\" class=\"alignnone wp-image-2314 size-medium\" src=\"https:\/\/agora.xtec.cat\/ceipvistaalegre\/wp-content\/uploads\/usu1936\/2020\/04\/PicsArt_04-25-08.32.24-300x300.jpg\" alt=\"\" width=\"300\" height=\"300\" \/><\/a><\/p>\n<p><a href=\"https:\/\/agora.xtec.cat\/ceipvistaalegre\/wp-content\/uploads\/usu1936\/2020\/04\/PicsArt_04-25-08.25.06.jpg\"><img loading=\"lazy\" decoding=\"async\" class=\"alignnone wp-image-2313 size-medium\" src=\"https:\/\/agora.xtec.cat\/ceipvistaalegre\/wp-content\/uploads\/usu1936\/2020\/04\/PicsArt_04-25-08.25.06-300x300.jpg\" alt=\"\" width=\"300\" height=\"300\" \/><\/a><\/p>\n","protected":false},"excerpt":{"rendered":"<p>Com ja sabeu, un dels personatges principals de la llegenda de Sant Jordi \u00e9s el drac.<br \/>\n\u00c9s per aix\u00f2 que aquest any els nens i nenes de 6\u00e8 han descobert la can\u00e7\u00f3 &#8220;<a href=\"https:\/\/www.youtube.com\/watch?v=2VxZ-RqTpDM\">Puff, el drac m\u00e0gic&#8221;<\/a>. I des de casa seva, han interpretat la hist\u00f2ria&hellip;  <a href=\"https:\/\/agora.xtec.cat\/ceipvistaalegre\/primaria\/sant-jordi-amb-puff-el-drac-magic\/\" title=\"Read Sant Jordi amb &#8220;Puff, el drac m\u00e0gic&#8221;\">Llegeix m\u00e9s\u00bb<\/a><\/p>\n","protected":false},"author":3,"featured_media":0,"comment_status":"open","ping_status":"closed","sticky":false,"template":"","format":"standard","meta":{"_bbp_topic_count":0,"_bbp_reply_count":0,"_bbp_total_topic_count":0,"_bbp_total_reply_count":0,"_bbp_voice_count":0,"_bbp_anonymous_reply_count":0,"_bbp_topic_count_hidden":0,"_bbp_reply_count_hidden":0,"_bbp_forum_subforum_count":0,"footnotes":""},"categories":[15,5],"tags":[128],"class_list":["post-2312","post","type-post","status-publish","format-standard","hentry","category-6e","category-primaria","tag-unsantjordidiferent-puffeldracmagic-interpretacio-manualitats-sise"],"post_mailing_queue_ids":[],"_links":{"self":[{"href":"https:\/\/agora.xtec.cat\/ceipvistaalegre\/wp-json\/wp\/v2\/posts\/2312","targetHints":{"allow":["GET"]}}],"collection":[{"href":"https:\/\/agora.xtec.cat\/ceipvistaalegre\/wp-json\/wp\/v2\/posts"}],"about":[{"href":"https:\/\/agora.xtec.cat\/ceipvistaalegre\/wp-json\/wp\/v2\/types\/post"}],"author":[{"embeddable":true,"href":"https:\/\/agora.xtec.cat\/ceipvistaalegre\/wp-json\/wp\/v2\/users\/3"}],"replies":[{"embeddable":true,"href":"https:\/\/agora.xtec.cat\/ceipvistaalegre\/wp-json\/wp\/v2\/comments?post=2312"}],"version-history":[{"count":2,"href":"https:\/\/agora.xtec.cat\/ceipvistaalegre\/wp-json\/wp\/v2\/posts\/2312\/revisions"}],"predecessor-version":[{"id":2319,"href":"https:\/\/agora.xtec.cat\/ceipvistaalegre\/wp-json\/wp\/v2\/posts\/2312\/revisions\/2319"}],"wp:attachment":[{"href":"https:\/\/agora.xtec.cat\/ceipvistaalegre\/wp-json\/wp\/v2\/media?parent=2312"}],"wp:term":[{"taxonomy":"category","embeddable":true,"href":"https:\/\/agora.xtec.cat\/ceipvistaalegre\/wp-json\/wp\/v2\/categories?post=2312"},{"taxonomy":"post_tag","embeddable":true,"href":"https:\/\/agora.xtec.cat\/ceipvistaalegre\/wp-json\/wp\/v2\/tags?post=2312"}],"curies":[{"name":"wp","href":"https:\/\/api.w.org\/{rel}","templated":true}]}}