{"id":2143,"date":"2020-04-24T17:18:31","date_gmt":"2020-04-24T15:18:31","guid":{"rendered":"https:\/\/agora.xtec.cat\/ceipvistaalegre\/?p=2143"},"modified":"2020-04-24T17:22:25","modified_gmt":"2020-04-24T15:22:25","slug":"p-4-repte-de-st-jordi-2020","status":"publish","type":"post","link":"https:\/\/agora.xtec.cat\/ceipvistaalegre\/infantil\/infantil-4-anys\/p-4-repte-de-st-jordi-2020\/","title":{"rendered":"Repte de St. Jordi 2020"},"content":{"rendered":"<p>Aquest tercer trimestre l&#8217;hem comen\u00e7at d&#8217;una manera diferent, tot i aix\u00f2 no pod\u00edem deixar de celebrar &#8220;<em><strong>L<\/strong><strong><em>a<\/em> Diada de Sant Jordi&#8221;.\u00a0<\/strong><\/em>La classe dels Gossos hem\u00a0 realitzat diverses activitats relacionades amb la festa: <em>veure el v\u00eddeo de la LLegenda, jugar amb les paraules que surten al conte, elaborar roses, dracs i punts de llibre, construir castells&#8230;<\/em><\/p>\n<p>Hem fet roses, dracs i punts de llibre utilitzant tot tipus de t\u00e8cniques: collage, dibuix, pintura, cosit&#8230; De paper, plastilina, roba, material reciclat..<\/p>\n<p>Mireu, mireu quins\/es artistes!!<\/p>\n<p><a href=\"https:\/\/agora.xtec.cat\/ceipvistaalegre\/infantil\/p4\/p-4-repte-de-st-jordi-2020\/attachment\/p-4-collage-1\/\" rel=\"attachment wp-att-2157\"><img loading=\"lazy\" decoding=\"async\" class=\"wp-image-2157 size-medium alignleft\" src=\"https:\/\/agora.xtec.cat\/ceipvistaalegre\/wp-content\/uploads\/usu1936\/2020\/04\/P-4-COLLAGE-1-300x300.jpg\" alt=\"\" width=\"300\" height=\"300\" data-wp-editing=\"1\" \/><\/a> <a href=\"https:\/\/agora.xtec.cat\/ceipvistaalegre\/infantil\/p4\/p-4-repte-de-st-jordi-2020\/attachment\/p-4-collage-2\/\" rel=\"attachment wp-att-2158\"><img loading=\"lazy\" decoding=\"async\" class=\"wp-image-2158 size-medium alignright\" src=\"https:\/\/agora.xtec.cat\/ceipvistaalegre\/wp-content\/uploads\/usu1936\/2020\/04\/P-4-COLLAGE-2-300x300.jpg\" alt=\"\" width=\"300\" height=\"300\" \/><\/a> <a href=\"https:\/\/agora.xtec.cat\/ceipvistaalegre\/infantil\/p4\/p-4-repte-de-st-jordi-2020\/attachment\/p-4-collage-3\/\" rel=\"attachment wp-att-2159\"><img loading=\"lazy\" decoding=\"async\" class=\"wp-image-2159 size-medium alignleft\" src=\"https:\/\/agora.xtec.cat\/ceipvistaalegre\/wp-content\/uploads\/usu1936\/2020\/04\/P-4-COLLAGE-3-300x300.jpg\" alt=\"\" width=\"300\" height=\"300\" \/><\/a> <a href=\"https:\/\/agora.xtec.cat\/ceipvistaalegre\/infantil\/p4\/p-4-repte-de-st-jordi-2020\/attachment\/p-4-collage-4\/\" rel=\"attachment wp-att-2160\"><img loading=\"lazy\" decoding=\"async\" class=\"wp-image-2160 size-medium alignright\" src=\"https:\/\/agora.xtec.cat\/ceipvistaalegre\/wp-content\/uploads\/usu1936\/2020\/04\/P-4-COLLAGE-4-300x300.jpg\" alt=\"\" width=\"300\" height=\"300\" \/><\/a><\/p>\n","protected":false},"excerpt":{"rendered":"<p>Aquest tercer trimestre l&#8217;hem comen\u00e7at d&#8217;una manera diferent, tot i aix\u00f2 no pod\u00edem deixar de celebrar &#8220;La Diada de Sant Jordi&#8221;.\u00a0La classe dels Gossos hem\u00a0 realitzat diverses activitats relacionades amb la festa: veure el v\u00eddeo de la LLegenda, jugar amb les paraules que surten al&hellip;  <a href=\"https:\/\/agora.xtec.cat\/ceipvistaalegre\/infantil\/infantil-4-anys\/p-4-repte-de-st-jordi-2020\/\" title=\"Read Repte de St. Jordi 2020\">Llegeix m\u00e9s\u00bb<\/a><\/p>\n","protected":false},"author":4,"featured_media":0,"comment_status":"open","ping_status":"closed","sticky":false,"template":"","format":"standard","meta":{"_bbp_topic_count":0,"_bbp_reply_count":0,"_bbp_total_topic_count":0,"_bbp_total_reply_count":0,"_bbp_voice_count":0,"_bbp_anonymous_reply_count":0,"_bbp_topic_count_hidden":0,"_bbp_reply_count_hidden":0,"_bbp_forum_subforum_count":0,"footnotes":""},"categories":[8],"tags":[121,125,119,124],"class_list":["post-2143","post","type-post","status-publish","format-standard","hentry","category-infantil-4-anys","tag-descoberta-entorn","tag-expressio-artistica","tag-festes","tag-st-jordi"],"post_mailing_queue_ids":[],"_links":{"self":[{"href":"https:\/\/agora.xtec.cat\/ceipvistaalegre\/wp-json\/wp\/v2\/posts\/2143","targetHints":{"allow":["GET"]}}],"collection":[{"href":"https:\/\/agora.xtec.cat\/ceipvistaalegre\/wp-json\/wp\/v2\/posts"}],"about":[{"href":"https:\/\/agora.xtec.cat\/ceipvistaalegre\/wp-json\/wp\/v2\/types\/post"}],"author":[{"embeddable":true,"href":"https:\/\/agora.xtec.cat\/ceipvistaalegre\/wp-json\/wp\/v2\/users\/4"}],"replies":[{"embeddable":true,"href":"https:\/\/agora.xtec.cat\/ceipvistaalegre\/wp-json\/wp\/v2\/comments?post=2143"}],"version-history":[{"count":4,"href":"https:\/\/agora.xtec.cat\/ceipvistaalegre\/wp-json\/wp\/v2\/posts\/2143\/revisions"}],"predecessor-version":[{"id":2171,"href":"https:\/\/agora.xtec.cat\/ceipvistaalegre\/wp-json\/wp\/v2\/posts\/2143\/revisions\/2171"}],"wp:attachment":[{"href":"https:\/\/agora.xtec.cat\/ceipvistaalegre\/wp-json\/wp\/v2\/media?parent=2143"}],"wp:term":[{"taxonomy":"category","embeddable":true,"href":"https:\/\/agora.xtec.cat\/ceipvistaalegre\/wp-json\/wp\/v2\/categories?post=2143"},{"taxonomy":"post_tag","embeddable":true,"href":"https:\/\/agora.xtec.cat\/ceipvistaalegre\/wp-json\/wp\/v2\/tags?post=2143"}],"curies":[{"name":"wp","href":"https:\/\/api.w.org\/{rel}","templated":true}]}}