{"id":2091,"date":"2020-04-03T14:21:09","date_gmt":"2020-04-03T12:21:09","guid":{"rendered":"https:\/\/agora.xtec.cat\/ceipvistaalegre\/?p=2091"},"modified":"2020-04-03T14:21:09","modified_gmt":"2020-04-03T12:21:09","slug":"reptes","status":"publish","type":"post","link":"https:\/\/agora.xtec.cat\/ceipvistaalegre\/general\/reptes\/","title":{"rendered":"REPTES!"},"content":{"rendered":"<p><img loading=\"lazy\" decoding=\"async\" class=\"aligncenter\" src=\"https:\/\/4.bp.blogspot.com\/-eVlhjlT0940\/WvrnwIjDgeI\/AAAAAAAAAVQ\/BePSV4xCGuQftv4JJ5WijptiGddNuODFgCLcBGAs\/s320\/question-mark-2110767_1920.jpg\" alt=\"REPTE MUSICAL (MAIG) - ESCOLA POMPEU FABRA -VNG\" width=\"251\" height=\"167\" \/><\/p>\n<h2 style=\"text-align: center;\">Des d&#8217;Educaci\u00f3 Infantil i des de l&#8217;\u00e0rea d&#8217;educaci\u00f3 art\u00edstica, proposem dos reptes per aquests dies&#8230;<\/h2>\n<h2 style=\"text-align: center;\">Sereu capa\u00e7os?<\/h2>\n<ul>\n<li>\n<h5>REPTE PASQUA: Adre\u00e7at als alumnes d&#8217;Educaci\u00f3 Infantil i Cicle Inicial. Heu de fer una mona de pasqua&#8230; per\u00f2 aquesta no pot portar xocolata!! Com la fareu?<\/h5>\n<\/li>\n<li>\n<h5>REPTE MUSICAL: Adre\u00e7at als nens i nenes de Cicle Mitj\u00e0 i Cicle Superior. Aquests dies escoltem m\u00fasica, cantem, ballem&#8230; Sereu capa\u00e7os de fer instruments amb material que tingueu a casa?<\/h5>\n<\/li>\n<\/ul>\n<h2 style=\"text-align: center;\">ANIMEU-VOS A PARTICIPAR! FAREM UN GRAN COLLAGE AMB LES FOTOS QUE ARRIBIN A L&#8217;ESCOLA!<\/h2>\n","protected":false},"excerpt":{"rendered":"<p>Des d&#8217;Educaci\u00f3 Infantil i des de l&#8217;\u00e0rea d&#8217;educaci\u00f3 art\u00edstica, proposem dos reptes per aquests dies&#8230;<br \/>\nSereu capa\u00e7os?<\/p>\n<ul>\n<li>\nREPTE PASQUA: Adre\u00e7at als alumnes d&#8217;Educaci\u00f3 Infantil i Cicle Inicial. Heu de fer una mona de pasqua&#8230; per\u00f2 aquesta no pot portar xocolata!! Com la fareu?\n<\/li>\n<li>\nREPTE MUSICAL: Adre\u00e7at als nens&hellip;  <a href=\"https:\/\/agora.xtec.cat\/ceipvistaalegre\/general\/reptes\/\" title=\"Read REPTES!\">Llegeix m\u00e9s\u00bb<\/a><\/p>\n","protected":false},"author":3,"featured_media":0,"comment_status":"open","ping_status":"closed","sticky":false,"template":"","format":"standard","meta":{"_bbp_topic_count":0,"_bbp_reply_count":0,"_bbp_total_topic_count":0,"_bbp_total_reply_count":0,"_bbp_voice_count":0,"_bbp_anonymous_reply_count":0,"_bbp_topic_count_hidden":0,"_bbp_reply_count_hidden":0,"_bbp_forum_subforum_count":0,"footnotes":""},"categories":[1,4],"tags":[],"class_list":["post-2091","post","type-post","status-publish","format-standard","hentry","category-general","category-portada"],"post_mailing_queue_ids":[],"_links":{"self":[{"href":"https:\/\/agora.xtec.cat\/ceipvistaalegre\/wp-json\/wp\/v2\/posts\/2091","targetHints":{"allow":["GET"]}}],"collection":[{"href":"https:\/\/agora.xtec.cat\/ceipvistaalegre\/wp-json\/wp\/v2\/posts"}],"about":[{"href":"https:\/\/agora.xtec.cat\/ceipvistaalegre\/wp-json\/wp\/v2\/types\/post"}],"author":[{"embeddable":true,"href":"https:\/\/agora.xtec.cat\/ceipvistaalegre\/wp-json\/wp\/v2\/users\/3"}],"replies":[{"embeddable":true,"href":"https:\/\/agora.xtec.cat\/ceipvistaalegre\/wp-json\/wp\/v2\/comments?post=2091"}],"version-history":[{"count":1,"href":"https:\/\/agora.xtec.cat\/ceipvistaalegre\/wp-json\/wp\/v2\/posts\/2091\/revisions"}],"predecessor-version":[{"id":2092,"href":"https:\/\/agora.xtec.cat\/ceipvistaalegre\/wp-json\/wp\/v2\/posts\/2091\/revisions\/2092"}],"wp:attachment":[{"href":"https:\/\/agora.xtec.cat\/ceipvistaalegre\/wp-json\/wp\/v2\/media?parent=2091"}],"wp:term":[{"taxonomy":"category","embeddable":true,"href":"https:\/\/agora.xtec.cat\/ceipvistaalegre\/wp-json\/wp\/v2\/categories?post=2091"},{"taxonomy":"post_tag","embeddable":true,"href":"https:\/\/agora.xtec.cat\/ceipvistaalegre\/wp-json\/wp\/v2\/tags?post=2091"}],"curies":[{"name":"wp","href":"https:\/\/api.w.org\/{rel}","templated":true}]}}