{"id":12524,"date":"2026-04-29T18:29:44","date_gmt":"2026-04-29T16:29:44","guid":{"rendered":"https:\/\/agora.xtec.cat\/ceipvistaalegre\/?p=12524"},"modified":"2026-04-29T18:29:44","modified_gmt":"2026-04-29T16:29:44","slug":"fundacio-cram","status":"publish","type":"post","link":"https:\/\/agora.xtec.cat\/ceipvistaalegre\/primaria\/6e\/fundacio-cram\/","title":{"rendered":"Fundaci\u00f3 CRAM"},"content":{"rendered":"<p>Avui hem fet una sortida molt interessant a la Fundaci\u00f3 CRAM, on hem apr\u00e8s moltes coses sobre les tortugues marines i la import\u00e0ncia de protegir el medi ambient. Ens han explicat com viuen aquestes tortugues, quins perills afronten al mar (com la contaminaci\u00f3 o els pl\u00e0stics) i qu\u00e8 fan al centre per rescatar-les i cuidar-les quan estan ferides.<\/p>\n<p>A m\u00e9s hem fet un taller relacionat amb el projecte &#8220;Actuem pel clima&#8221;, en qu\u00e8 hem reflexionat sobre les nostres accions di\u00e0ries i com poden afectar el planeta. Hem apr\u00e8s que petits gestos, com reduir l&#8217;\u00fas de pl\u00e0stics o reciclar correctament, poden ajudar molt a conservar els oceans i la vida marina.<\/p>\n<p><img loading=\"lazy\" decoding=\"async\" class=\"alignnone  wp-image-12525\" src=\"https:\/\/agora.xtec.cat\/ceipvistaalegre\/wp-content\/uploads\/usu1936\/2026\/04\/WhatsApp-Image-2026-04-29-at-18.25.03-768x1024.jpeg\" alt=\"\" width=\"301\" height=\"401\" srcset=\"https:\/\/agora.xtec.cat\/ceipvistaalegre\/wp-content\/uploads\/usu1936\/2026\/04\/WhatsApp-Image-2026-04-29-at-18.25.03-768x1024.jpeg 768w, https:\/\/agora.xtec.cat\/ceipvistaalegre\/wp-content\/uploads\/usu1936\/2026\/04\/WhatsApp-Image-2026-04-29-at-18.25.03-225x300.jpeg 225w, https:\/\/agora.xtec.cat\/ceipvistaalegre\/wp-content\/uploads\/usu1936\/2026\/04\/WhatsApp-Image-2026-04-29-at-18.25.03-1152x1536.jpeg 1152w, https:\/\/agora.xtec.cat\/ceipvistaalegre\/wp-content\/uploads\/usu1936\/2026\/04\/WhatsApp-Image-2026-04-29-at-18.25.03.jpeg 1200w\" sizes=\"auto, (max-width: 301px) 100vw, 301px\" \/><\/p>\n","protected":false},"excerpt":{"rendered":"<p>Avui hem fet una sortida molt interessant a la Fundaci\u00f3 CRAM, on hem apr\u00e8s moltes coses sobre les tortugues marines i la import\u00e0ncia de protegir el medi ambient. Ens han explicat com viuen aquestes tortugues, quins perills afronten al mar (com la contaminaci\u00f3 o els&hellip;  <a href=\"https:\/\/agora.xtec.cat\/ceipvistaalegre\/primaria\/6e\/fundacio-cram\/\" title=\"Read Fundaci\u00f3 CRAM\">Llegeix m\u00e9s\u00bb<\/a><\/p>\n","protected":false},"author":18,"featured_media":0,"comment_status":"open","ping_status":"open","sticky":false,"template":"","format":"standard","meta":{"_bbp_topic_count":0,"_bbp_reply_count":0,"_bbp_total_topic_count":0,"_bbp_total_reply_count":0,"_bbp_voice_count":0,"_bbp_anonymous_reply_count":0,"_bbp_topic_count_hidden":0,"_bbp_reply_count_hidden":0,"_bbp_forum_subforum_count":0,"footnotes":""},"categories":[15],"tags":[],"class_list":["post-12524","post","type-post","status-publish","format-standard","hentry","category-6e"],"post_mailing_queue_ids":[],"_links":{"self":[{"href":"https:\/\/agora.xtec.cat\/ceipvistaalegre\/wp-json\/wp\/v2\/posts\/12524","targetHints":{"allow":["GET"]}}],"collection":[{"href":"https:\/\/agora.xtec.cat\/ceipvistaalegre\/wp-json\/wp\/v2\/posts"}],"about":[{"href":"https:\/\/agora.xtec.cat\/ceipvistaalegre\/wp-json\/wp\/v2\/types\/post"}],"author":[{"embeddable":true,"href":"https:\/\/agora.xtec.cat\/ceipvistaalegre\/wp-json\/wp\/v2\/users\/18"}],"replies":[{"embeddable":true,"href":"https:\/\/agora.xtec.cat\/ceipvistaalegre\/wp-json\/wp\/v2\/comments?post=12524"}],"version-history":[{"count":1,"href":"https:\/\/agora.xtec.cat\/ceipvistaalegre\/wp-json\/wp\/v2\/posts\/12524\/revisions"}],"predecessor-version":[{"id":12526,"href":"https:\/\/agora.xtec.cat\/ceipvistaalegre\/wp-json\/wp\/v2\/posts\/12524\/revisions\/12526"}],"wp:attachment":[{"href":"https:\/\/agora.xtec.cat\/ceipvistaalegre\/wp-json\/wp\/v2\/media?parent=12524"}],"wp:term":[{"taxonomy":"category","embeddable":true,"href":"https:\/\/agora.xtec.cat\/ceipvistaalegre\/wp-json\/wp\/v2\/categories?post=12524"},{"taxonomy":"post_tag","embeddable":true,"href":"https:\/\/agora.xtec.cat\/ceipvistaalegre\/wp-json\/wp\/v2\/tags?post=12524"}],"curies":[{"name":"wp","href":"https:\/\/api.w.org\/{rel}","templated":true}]}}