{"id":12512,"date":"2026-04-26T19:25:10","date_gmt":"2026-04-26T17:25:10","guid":{"rendered":"https:\/\/agora.xtec.cat\/ceipvistaalegre\/?p=12512"},"modified":"2026-04-26T19:25:10","modified_gmt":"2026-04-26T17:25:10","slug":"sant-jordi-a-i3","status":"publish","type":"post","link":"https:\/\/agora.xtec.cat\/ceipvistaalegre\/infantil\/infantil-3-anys\/sant-jordi-a-i3\/","title":{"rendered":"SANT JORDI A I3"},"content":{"rendered":"<p>Els infants d&#8217;I3 han viscut el seu primer Sant Jordi a l&#8217;escola. S&#8217;ho han passat molt b\u00e9 amb les diferents activitats que s&#8217;han organitzat al centre al llarg de la setmana. Han fet racons d&#8217;aprenentatge i joc a la classe, relacionats amb la llegenda. Han fet tallers pl\u00e0stics, en col\u00b7laboraci\u00f3 amb les fam\u00edlies. Han llegit conjuntament amb els companys de 4rt de prim\u00e0ria, en l&#8217;activitat de Lectura a cel obert. Han participat als seus primers Jocs Florals Literaris, amb el treball de la Lletra Reina dels personatges.<\/p>\n<p><a href=\"https:\/\/agora.xtec.cat\/ceipvistaalegre\/wp-content\/uploads\/usu1936\/2026\/04\/InShot_20260425_140126252-1.jpg\"><img loading=\"lazy\" decoding=\"async\" class=\"alignnone size-large wp-image-12513\" src=\"https:\/\/agora.xtec.cat\/ceipvistaalegre\/wp-content\/uploads\/usu1936\/2026\/04\/InShot_20260425_140126252-1-1024x1024.jpg\" alt=\"\" width=\"1024\" height=\"1024\" srcset=\"https:\/\/agora.xtec.cat\/ceipvistaalegre\/wp-content\/uploads\/usu1936\/2026\/04\/InShot_20260425_140126252-1-1024x1024.jpg 1024w, https:\/\/agora.xtec.cat\/ceipvistaalegre\/wp-content\/uploads\/usu1936\/2026\/04\/InShot_20260425_140126252-1-300x300.jpg 300w, https:\/\/agora.xtec.cat\/ceipvistaalegre\/wp-content\/uploads\/usu1936\/2026\/04\/InShot_20260425_140126252-1-150x150.jpg 150w, https:\/\/agora.xtec.cat\/ceipvistaalegre\/wp-content\/uploads\/usu1936\/2026\/04\/InShot_20260425_140126252-1-768x768.jpg 768w, https:\/\/agora.xtec.cat\/ceipvistaalegre\/wp-content\/uploads\/usu1936\/2026\/04\/InShot_20260425_140126252-1-1536x1536.jpg 1536w, https:\/\/agora.xtec.cat\/ceipvistaalegre\/wp-content\/uploads\/usu1936\/2026\/04\/InShot_20260425_140126252-1.jpg 1920w\" sizes=\"auto, (max-width: 1024px) 100vw, 1024px\" \/><\/a><\/p>\n","protected":false},"excerpt":{"rendered":"<p>Els infants d&#8217;I3 han viscut el seu primer Sant Jordi a l&#8217;escola. S&#8217;ho han passat molt b\u00e9 amb les diferents activitats que s&#8217;han organitzat al centre al llarg de la setmana. Han fet racons d&#8217;aprenentatge i joc a la classe, relacionats amb la llegenda. Han&hellip;  <a href=\"https:\/\/agora.xtec.cat\/ceipvistaalegre\/infantil\/infantil-3-anys\/sant-jordi-a-i3\/\" title=\"Read SANT JORDI A I3\">Llegeix m\u00e9s\u00bb<\/a><\/p>\n","protected":false},"author":25,"featured_media":0,"comment_status":"open","ping_status":"open","sticky":false,"template":"","format":"standard","meta":{"_bbp_topic_count":0,"_bbp_reply_count":0,"_bbp_total_topic_count":0,"_bbp_total_reply_count":0,"_bbp_voice_count":0,"_bbp_anonymous_reply_count":0,"_bbp_topic_count_hidden":0,"_bbp_reply_count_hidden":0,"_bbp_forum_subforum_count":0,"footnotes":""},"categories":[3],"tags":[],"class_list":["post-12512","post","type-post","status-publish","format-standard","hentry","category-infantil-3-anys"],"post_mailing_queue_ids":[],"_links":{"self":[{"href":"https:\/\/agora.xtec.cat\/ceipvistaalegre\/wp-json\/wp\/v2\/posts\/12512","targetHints":{"allow":["GET"]}}],"collection":[{"href":"https:\/\/agora.xtec.cat\/ceipvistaalegre\/wp-json\/wp\/v2\/posts"}],"about":[{"href":"https:\/\/agora.xtec.cat\/ceipvistaalegre\/wp-json\/wp\/v2\/types\/post"}],"author":[{"embeddable":true,"href":"https:\/\/agora.xtec.cat\/ceipvistaalegre\/wp-json\/wp\/v2\/users\/25"}],"replies":[{"embeddable":true,"href":"https:\/\/agora.xtec.cat\/ceipvistaalegre\/wp-json\/wp\/v2\/comments?post=12512"}],"version-history":[{"count":1,"href":"https:\/\/agora.xtec.cat\/ceipvistaalegre\/wp-json\/wp\/v2\/posts\/12512\/revisions"}],"predecessor-version":[{"id":12514,"href":"https:\/\/agora.xtec.cat\/ceipvistaalegre\/wp-json\/wp\/v2\/posts\/12512\/revisions\/12514"}],"wp:attachment":[{"href":"https:\/\/agora.xtec.cat\/ceipvistaalegre\/wp-json\/wp\/v2\/media?parent=12512"}],"wp:term":[{"taxonomy":"category","embeddable":true,"href":"https:\/\/agora.xtec.cat\/ceipvistaalegre\/wp-json\/wp\/v2\/categories?post=12512"},{"taxonomy":"post_tag","embeddable":true,"href":"https:\/\/agora.xtec.cat\/ceipvistaalegre\/wp-json\/wp\/v2\/tags?post=12512"}],"curies":[{"name":"wp","href":"https:\/\/api.w.org\/{rel}","templated":true}]}}