{"id":12438,"date":"2026-03-27T17:40:16","date_gmt":"2026-03-27T16:40:16","guid":{"rendered":"https:\/\/agora.xtec.cat\/ceipvistaalegre\/?p=12438"},"modified":"2026-03-27T17:40:16","modified_gmt":"2026-03-27T16:40:16","slug":"ja-hem-acabat-el-segon-trimestre","status":"publish","type":"post","link":"https:\/\/agora.xtec.cat\/ceipvistaalegre\/primaria\/6e\/ja-hem-acabat-el-segon-trimestre\/","title":{"rendered":"Ja hem acabat el segon trimestre!"},"content":{"rendered":"<p>Avui hem celebrat una jornada molt especial com a cloenda del segon trimestre: els jocs internivell. Ha estat una oportunitat fant\u00e0stica per compartir estones entre alumnes de cinqu\u00e8 i sis\u00e8, fomentat la conviv\u00e8ncia, el respecte i el treball en equip.<\/p>\n<p>Al llarg del mat\u00ed, hem participat en diverses activitats l\u00fadiques i din\u00e0miques, pensades perqu\u00e8 tothom pogu\u00e9s gaudir i col.laborar. Ha estat una manera diferent i engrescadora de tancar el trimestre.<\/p>\n<p><a href=\"https:\/\/agora.xtec.cat\/ceipvistaalegre\/wp-content\/uploads\/usu1936\/2026\/03\/WhatsApp-Image-2026-03-27-at-17.37.57.jpeg\"><img loading=\"lazy\" decoding=\"async\" class=\"alignnone  wp-image-12439\" src=\"https:\/\/agora.xtec.cat\/ceipvistaalegre\/wp-content\/uploads\/usu1936\/2026\/03\/WhatsApp-Image-2026-03-27-at-17.37.57-1024x768.jpeg\" alt=\"\" width=\"351\" height=\"263\" srcset=\"https:\/\/agora.xtec.cat\/ceipvistaalegre\/wp-content\/uploads\/usu1936\/2026\/03\/WhatsApp-Image-2026-03-27-at-17.37.57-1024x768.jpeg 1024w, https:\/\/agora.xtec.cat\/ceipvistaalegre\/wp-content\/uploads\/usu1936\/2026\/03\/WhatsApp-Image-2026-03-27-at-17.37.57-300x225.jpeg 300w, https:\/\/agora.xtec.cat\/ceipvistaalegre\/wp-content\/uploads\/usu1936\/2026\/03\/WhatsApp-Image-2026-03-27-at-17.37.57-768x576.jpeg 768w, https:\/\/agora.xtec.cat\/ceipvistaalegre\/wp-content\/uploads\/usu1936\/2026\/03\/WhatsApp-Image-2026-03-27-at-17.37.57-1536x1152.jpeg 1536w, https:\/\/agora.xtec.cat\/ceipvistaalegre\/wp-content\/uploads\/usu1936\/2026\/03\/WhatsApp-Image-2026-03-27-at-17.37.57-200x150.jpeg 200w, https:\/\/agora.xtec.cat\/ceipvistaalegre\/wp-content\/uploads\/usu1936\/2026\/03\/WhatsApp-Image-2026-03-27-at-17.37.57.jpeg 1600w\" sizes=\"auto, (max-width: 351px) 100vw, 351px\" \/><\/a><\/p>\n<p>&nbsp;<\/p>\n","protected":false},"excerpt":{"rendered":"<p>Avui hem celebrat una jornada molt especial com a cloenda del segon trimestre: els jocs internivell. Ha estat una oportunitat fant\u00e0stica per compartir estones entre alumnes de cinqu\u00e8 i sis\u00e8, fomentat la conviv\u00e8ncia, el respecte i el treball en equip.<br \/>\nAl llarg del mat\u00ed, hem participat&hellip;  <a href=\"https:\/\/agora.xtec.cat\/ceipvistaalegre\/primaria\/6e\/ja-hem-acabat-el-segon-trimestre\/\" title=\"Read Ja hem acabat el segon trimestre!\">Llegeix m\u00e9s\u00bb<\/a><\/p>\n","protected":false},"author":18,"featured_media":0,"comment_status":"open","ping_status":"open","sticky":false,"template":"","format":"standard","meta":{"_bbp_topic_count":0,"_bbp_reply_count":0,"_bbp_total_topic_count":0,"_bbp_total_reply_count":0,"_bbp_voice_count":0,"_bbp_anonymous_reply_count":0,"_bbp_topic_count_hidden":0,"_bbp_reply_count_hidden":0,"_bbp_forum_subforum_count":0,"footnotes":""},"categories":[15],"tags":[],"class_list":["post-12438","post","type-post","status-publish","format-standard","hentry","category-6e"],"post_mailing_queue_ids":[],"_links":{"self":[{"href":"https:\/\/agora.xtec.cat\/ceipvistaalegre\/wp-json\/wp\/v2\/posts\/12438","targetHints":{"allow":["GET"]}}],"collection":[{"href":"https:\/\/agora.xtec.cat\/ceipvistaalegre\/wp-json\/wp\/v2\/posts"}],"about":[{"href":"https:\/\/agora.xtec.cat\/ceipvistaalegre\/wp-json\/wp\/v2\/types\/post"}],"author":[{"embeddable":true,"href":"https:\/\/agora.xtec.cat\/ceipvistaalegre\/wp-json\/wp\/v2\/users\/18"}],"replies":[{"embeddable":true,"href":"https:\/\/agora.xtec.cat\/ceipvistaalegre\/wp-json\/wp\/v2\/comments?post=12438"}],"version-history":[{"count":1,"href":"https:\/\/agora.xtec.cat\/ceipvistaalegre\/wp-json\/wp\/v2\/posts\/12438\/revisions"}],"predecessor-version":[{"id":12440,"href":"https:\/\/agora.xtec.cat\/ceipvistaalegre\/wp-json\/wp\/v2\/posts\/12438\/revisions\/12440"}],"wp:attachment":[{"href":"https:\/\/agora.xtec.cat\/ceipvistaalegre\/wp-json\/wp\/v2\/media?parent=12438"}],"wp:term":[{"taxonomy":"category","embeddable":true,"href":"https:\/\/agora.xtec.cat\/ceipvistaalegre\/wp-json\/wp\/v2\/categories?post=12438"},{"taxonomy":"post_tag","embeddable":true,"href":"https:\/\/agora.xtec.cat\/ceipvistaalegre\/wp-json\/wp\/v2\/tags?post=12438"}],"curies":[{"name":"wp","href":"https:\/\/api.w.org\/{rel}","templated":true}]}}