{"id":12435,"date":"2026-03-27T16:19:58","date_gmt":"2026-03-27T15:19:58","guid":{"rendered":"https:\/\/agora.xtec.cat\/ceipvistaalegre\/?p=12435"},"modified":"2026-03-27T16:19:58","modified_gmt":"2026-03-27T15:19:58","slug":"vincent-van-gogh","status":"publish","type":"post","link":"https:\/\/agora.xtec.cat\/ceipvistaalegre\/primaria\/4t\/vincent-van-gogh\/","title":{"rendered":"Vincent Van Gogh"},"content":{"rendered":"<p dir=\"ltr\">Al llarg del 2n trimestre, els i les alumnes de 4t han estat treballant l\u2019artista Vincent Van Gogh. Han pogut descobrir qui era, quines s\u00f3n les seves obres m\u00e9s reconegudes, com era la vida del pintor\u2026 i moltes coses m\u00e9s.<\/p>\n<p dir=\"ltr\">Despr\u00e9s de tanta recerca, els nens i nenes han hagut de preparar unes presentacions per exposar qu\u00e8 \u00e9s el que han apr\u00e8s d\u2019aquest artista. Per aix\u00f2, han preparat uns murals plens d\u2019informaci\u00f3 utilitzant cartolines, colors, imatges\u2026 i sobretot, molta imaginaci\u00f3!<\/p>\n<p dir=\"ltr\">Aquestes presentacions s\u00f3n fant\u00e0stiques per poder visualitzar realment qu\u00e8 han apr\u00e8s els i les alumnes al llarg de totes les sessions en les quals han treballat aquest pintor. Aix\u00ed mateix, a part de les presentacions, la classe tamb\u00e9 ha pogut experimentar, durant les hores de tallers, amb les t\u00e8cniques art\u00edstiques que emprava Van Gogh en les seves obres.<\/p>\n<p dir=\"ltr\"><a href=\"https:\/\/agora.xtec.cat\/ceipvistaalegre\/wp-content\/uploads\/usu1936\/2026\/03\/8E940B05-995D-4997-ACEC-C5CCD00E03E3.jpeg\"><img loading=\"lazy\" decoding=\"async\" class=\" wp-image-12436 aligncenter\" src=\"https:\/\/agora.xtec.cat\/ceipvistaalegre\/wp-content\/uploads\/usu1936\/2026\/03\/8E940B05-995D-4997-ACEC-C5CCD00E03E3-576x1024.jpeg\" alt=\"\" width=\"444\" height=\"789\" srcset=\"https:\/\/agora.xtec.cat\/ceipvistaalegre\/wp-content\/uploads\/usu1936\/2026\/03\/8E940B05-995D-4997-ACEC-C5CCD00E03E3-576x1024.jpeg 576w, https:\/\/agora.xtec.cat\/ceipvistaalegre\/wp-content\/uploads\/usu1936\/2026\/03\/8E940B05-995D-4997-ACEC-C5CCD00E03E3-169x300.jpeg 169w, https:\/\/agora.xtec.cat\/ceipvistaalegre\/wp-content\/uploads\/usu1936\/2026\/03\/8E940B05-995D-4997-ACEC-C5CCD00E03E3-768x1365.jpeg 768w, https:\/\/agora.xtec.cat\/ceipvistaalegre\/wp-content\/uploads\/usu1936\/2026\/03\/8E940B05-995D-4997-ACEC-C5CCD00E03E3-864x1536.jpeg 864w, https:\/\/agora.xtec.cat\/ceipvistaalegre\/wp-content\/uploads\/usu1936\/2026\/03\/8E940B05-995D-4997-ACEC-C5CCD00E03E3-1152x2048.jpeg 1152w, https:\/\/agora.xtec.cat\/ceipvistaalegre\/wp-content\/uploads\/usu1936\/2026\/03\/8E940B05-995D-4997-ACEC-C5CCD00E03E3.jpeg 1179w\" sizes=\"auto, (max-width: 444px) 100vw, 444px\" \/><\/a><\/p>\n","protected":false},"excerpt":{"rendered":"<p>Al llarg del 2n trimestre, els i les alumnes de 4t han estat treballant l\u2019artista Vincent Van Gogh. Han pogut descobrir qui era, quines s\u00f3n les seves obres m\u00e9s reconegudes, com era la vida del pintor\u2026 i moltes coses m\u00e9s.<br \/>\nDespr\u00e9s de tanta recerca, els nens&hellip;  <a href=\"https:\/\/agora.xtec.cat\/ceipvistaalegre\/primaria\/4t\/vincent-van-gogh\/\" title=\"Read Vincent Van Gogh\">Llegeix m\u00e9s\u00bb<\/a><\/p>\n","protected":false},"author":3,"featured_media":0,"comment_status":"open","ping_status":"open","sticky":false,"template":"","format":"standard","meta":{"_bbp_topic_count":0,"_bbp_reply_count":0,"_bbp_total_topic_count":0,"_bbp_total_reply_count":0,"_bbp_voice_count":0,"_bbp_anonymous_reply_count":0,"_bbp_topic_count_hidden":0,"_bbp_reply_count_hidden":0,"_bbp_forum_subforum_count":0,"footnotes":""},"categories":[13],"tags":[],"class_list":["post-12435","post","type-post","status-publish","format-standard","hentry","category-4t"],"post_mailing_queue_ids":[],"_links":{"self":[{"href":"https:\/\/agora.xtec.cat\/ceipvistaalegre\/wp-json\/wp\/v2\/posts\/12435","targetHints":{"allow":["GET"]}}],"collection":[{"href":"https:\/\/agora.xtec.cat\/ceipvistaalegre\/wp-json\/wp\/v2\/posts"}],"about":[{"href":"https:\/\/agora.xtec.cat\/ceipvistaalegre\/wp-json\/wp\/v2\/types\/post"}],"author":[{"embeddable":true,"href":"https:\/\/agora.xtec.cat\/ceipvistaalegre\/wp-json\/wp\/v2\/users\/3"}],"replies":[{"embeddable":true,"href":"https:\/\/agora.xtec.cat\/ceipvistaalegre\/wp-json\/wp\/v2\/comments?post=12435"}],"version-history":[{"count":1,"href":"https:\/\/agora.xtec.cat\/ceipvistaalegre\/wp-json\/wp\/v2\/posts\/12435\/revisions"}],"predecessor-version":[{"id":12437,"href":"https:\/\/agora.xtec.cat\/ceipvistaalegre\/wp-json\/wp\/v2\/posts\/12435\/revisions\/12437"}],"wp:attachment":[{"href":"https:\/\/agora.xtec.cat\/ceipvistaalegre\/wp-json\/wp\/v2\/media?parent=12435"}],"wp:term":[{"taxonomy":"category","embeddable":true,"href":"https:\/\/agora.xtec.cat\/ceipvistaalegre\/wp-json\/wp\/v2\/categories?post=12435"},{"taxonomy":"post_tag","embeddable":true,"href":"https:\/\/agora.xtec.cat\/ceipvistaalegre\/wp-json\/wp\/v2\/tags?post=12435"}],"curies":[{"name":"wp","href":"https:\/\/api.w.org\/{rel}","templated":true}]}}