{"id":12417,"date":"2026-03-25T19:41:41","date_gmt":"2026-03-25T18:41:41","guid":{"rendered":"https:\/\/agora.xtec.cat\/ceipvistaalegre\/?p=12417"},"modified":"2026-03-25T19:41:41","modified_gmt":"2026-03-25T18:41:41","slug":"la-primavera-ja-ha-arribat-2","status":"publish","type":"post","link":"https:\/\/agora.xtec.cat\/ceipvistaalegre\/infantil\/infantil-5-anys\/la-primavera-ja-ha-arribat-2\/","title":{"rendered":"La primavera ja ha arribat!"},"content":{"rendered":"<p><a href=\"https:\/\/agora.xtec.cat\/ceipvistaalegre\/infantil\/infantil-5-anys\/la-primavera-ja-ha-arribat-2\/attachment\/photo-output-5-1-3\/\" rel=\"attachment wp-att-12418\"><img loading=\"lazy\" decoding=\"async\" class=\"aligncenter size-full wp-image-12418\" src=\"https:\/\/agora.xtec.cat\/ceipvistaalegre\/wp-content\/uploads\/usu1936\/2026\/03\/photo-output-5-1-scaled.jpeg\" alt=\"\" width=\"2560\" height=\"2560\" srcset=\"https:\/\/agora.xtec.cat\/ceipvistaalegre\/wp-content\/uploads\/usu1936\/2026\/03\/photo-output-5-1-scaled.jpeg 2560w, https:\/\/agora.xtec.cat\/ceipvistaalegre\/wp-content\/uploads\/usu1936\/2026\/03\/photo-output-5-1-300x300.jpeg 300w, https:\/\/agora.xtec.cat\/ceipvistaalegre\/wp-content\/uploads\/usu1936\/2026\/03\/photo-output-5-1-1024x1024.jpeg 1024w, https:\/\/agora.xtec.cat\/ceipvistaalegre\/wp-content\/uploads\/usu1936\/2026\/03\/photo-output-5-1-150x150.jpeg 150w, https:\/\/agora.xtec.cat\/ceipvistaalegre\/wp-content\/uploads\/usu1936\/2026\/03\/photo-output-5-1-768x768.jpeg 768w, https:\/\/agora.xtec.cat\/ceipvistaalegre\/wp-content\/uploads\/usu1936\/2026\/03\/photo-output-5-1-1536x1536.jpeg 1536w, https:\/\/agora.xtec.cat\/ceipvistaalegre\/wp-content\/uploads\/usu1936\/2026\/03\/photo-output-5-1-2048x2048.jpeg 2048w\" sizes=\"auto, (max-width: 2560px) 100vw, 2560px\" \/><\/a><\/p>\n<p>Aquesta setmana hem estrenat la primavera a l&#8217;aula d&#8217;I5. Ens hem trobat un ramet de flors fresques, la senyora primavera, ocellets, imatges, contes i lletres per confegir. Despr\u00e9s d&#8217;una estona parlant-ne hem muntat la nostra taula estacional i hem dibuixat les cam\u00e8lies. Al llarg de les properes setmanes ens anirem endinsant en aquesta estaci\u00f3 tan bonica a trav\u00e9s dels racons d&#8217;aprenentatge, els contes de flors, d&#8217;animalons&#8230;<\/p>\n","protected":false},"excerpt":{"rendered":"<p><a href=\"https:\/\/agora.xtec.cat\/ceipvistaalegre\/infantil\/infantil-5-anys\/la-primavera-ja-ha-arribat-2\/attachment\/photo-output-5-1-3\/\" rel=\"attachment wp-att-12418\"><\/a><br \/>\nAquesta setmana hem estrenat la primavera a l&#8217;aula d&#8217;I5. Ens hem trobat un ramet de flors fresques, la senyora primavera, ocellets, imatges, contes i lletres per confegir. Despr\u00e9s d&#8217;una estona parlant-ne hem muntat la nostra taula estacional i hem dibuixat les cam\u00e8lies.&hellip;  <a href=\"https:\/\/agora.xtec.cat\/ceipvistaalegre\/infantil\/infantil-5-anys\/la-primavera-ja-ha-arribat-2\/\" title=\"Read La primavera ja ha arribat!\">Llegeix m\u00e9s\u00bb<\/a><\/p>\n","protected":false},"author":4,"featured_media":0,"comment_status":"open","ping_status":"open","sticky":false,"template":"","format":"standard","meta":{"_bbp_topic_count":0,"_bbp_reply_count":0,"_bbp_total_topic_count":0,"_bbp_total_reply_count":0,"_bbp_voice_count":0,"_bbp_anonymous_reply_count":0,"_bbp_topic_count_hidden":0,"_bbp_reply_count_hidden":0,"_bbp_forum_subforum_count":0,"footnotes":""},"categories":[225],"tags":[367,318,277],"class_list":["post-12417","post","type-post","status-publish","format-standard","hentry","category-infantil-5-anys","tag-comunicacio-i-llenguatges","tag-descoberta-de-lentorn","tag-primavera"],"post_mailing_queue_ids":[],"_links":{"self":[{"href":"https:\/\/agora.xtec.cat\/ceipvistaalegre\/wp-json\/wp\/v2\/posts\/12417","targetHints":{"allow":["GET"]}}],"collection":[{"href":"https:\/\/agora.xtec.cat\/ceipvistaalegre\/wp-json\/wp\/v2\/posts"}],"about":[{"href":"https:\/\/agora.xtec.cat\/ceipvistaalegre\/wp-json\/wp\/v2\/types\/post"}],"author":[{"embeddable":true,"href":"https:\/\/agora.xtec.cat\/ceipvistaalegre\/wp-json\/wp\/v2\/users\/4"}],"replies":[{"embeddable":true,"href":"https:\/\/agora.xtec.cat\/ceipvistaalegre\/wp-json\/wp\/v2\/comments?post=12417"}],"version-history":[{"count":2,"href":"https:\/\/agora.xtec.cat\/ceipvistaalegre\/wp-json\/wp\/v2\/posts\/12417\/revisions"}],"predecessor-version":[{"id":12420,"href":"https:\/\/agora.xtec.cat\/ceipvistaalegre\/wp-json\/wp\/v2\/posts\/12417\/revisions\/12420"}],"wp:attachment":[{"href":"https:\/\/agora.xtec.cat\/ceipvistaalegre\/wp-json\/wp\/v2\/media?parent=12417"}],"wp:term":[{"taxonomy":"category","embeddable":true,"href":"https:\/\/agora.xtec.cat\/ceipvistaalegre\/wp-json\/wp\/v2\/categories?post=12417"},{"taxonomy":"post_tag","embeddable":true,"href":"https:\/\/agora.xtec.cat\/ceipvistaalegre\/wp-json\/wp\/v2\/tags?post=12417"}],"curies":[{"name":"wp","href":"https:\/\/api.w.org\/{rel}","templated":true}]}}