{"id":12322,"date":"2026-03-10T20:13:38","date_gmt":"2026-03-10T19:13:38","guid":{"rendered":"https:\/\/agora.xtec.cat\/ceipvistaalegre\/?p=12322"},"modified":"2026-03-10T20:13:38","modified_gmt":"2026-03-10T19:13:38","slug":"sortida-al-cosmocaixa","status":"publish","type":"post","link":"https:\/\/agora.xtec.cat\/ceipvistaalegre\/infantil\/infantil-3-anys\/sortida-al-cosmocaixa\/","title":{"rendered":"SORTIDA AL COSMOCAIXA"},"content":{"rendered":"<p data-pm-slice=\"1 1 []\">Els nens i nenes d&#8217;Educaci\u00f3 Infantil hem anat avui a Barcelona per visitar el Cosmocaixa. Hem pogut gaudir d&#8217;un espai de descoberta i experimentaci\u00f3 magn\u00edfic.<\/p>\n<p>Els infants d&#8217;I3 hem fet l&#8217;activitat de llum, ombra i color, on hem descobert moltes curiositats, gr\u00e0cies a l&#8217;explicaci\u00f3 de la J\u00falia, que ens ha fet de guia.<\/p>\n<p>Despr\u00e9s hem anat a l&#8217;espai Clik on hem pogut jugar en tres zones d&#8217;investigaci\u00f3 i exploraci\u00f3.<\/p>\n<p>Hem passat un dia fant\u00e0stic, que no podrem oblidar!<a href=\"https:\/\/agora.xtec.cat\/ceipvistaalegre\/wp-content\/uploads\/usu1936\/2026\/03\/InShot_20260310_194709667-1.jpg\"><img loading=\"lazy\" decoding=\"async\" class=\"alignnone size-large wp-image-12323\" src=\"https:\/\/agora.xtec.cat\/ceipvistaalegre\/wp-content\/uploads\/usu1936\/2026\/03\/InShot_20260310_194709667-1-1024x1024.jpg\" alt=\"\" width=\"1024\" height=\"1024\" srcset=\"https:\/\/agora.xtec.cat\/ceipvistaalegre\/wp-content\/uploads\/usu1936\/2026\/03\/InShot_20260310_194709667-1-1024x1024.jpg 1024w, https:\/\/agora.xtec.cat\/ceipvistaalegre\/wp-content\/uploads\/usu1936\/2026\/03\/InShot_20260310_194709667-1-300x300.jpg 300w, https:\/\/agora.xtec.cat\/ceipvistaalegre\/wp-content\/uploads\/usu1936\/2026\/03\/InShot_20260310_194709667-1-150x150.jpg 150w, https:\/\/agora.xtec.cat\/ceipvistaalegre\/wp-content\/uploads\/usu1936\/2026\/03\/InShot_20260310_194709667-1-768x768.jpg 768w, https:\/\/agora.xtec.cat\/ceipvistaalegre\/wp-content\/uploads\/usu1936\/2026\/03\/InShot_20260310_194709667-1-1536x1536.jpg 1536w, https:\/\/agora.xtec.cat\/ceipvistaalegre\/wp-content\/uploads\/usu1936\/2026\/03\/InShot_20260310_194709667-1.jpg 1920w\" sizes=\"auto, (max-width: 1024px) 100vw, 1024px\" \/><\/a><\/p>\n<p>&nbsp;<\/p>\n","protected":false},"excerpt":{"rendered":"<p>Els nens i nenes d&#8217;Educaci\u00f3 Infantil hem anat avui a Barcelona per visitar el Cosmocaixa. Hem pogut gaudir d&#8217;un espai de descoberta i experimentaci\u00f3 magn\u00edfic.<br \/>\nEls infants d&#8217;I3 hem fet l&#8217;activitat de llum, ombra i color, on hem descobert moltes curiositats, gr\u00e0cies a l&#8217;explicaci\u00f3 de la&hellip;  <a href=\"https:\/\/agora.xtec.cat\/ceipvistaalegre\/infantil\/infantil-3-anys\/sortida-al-cosmocaixa\/\" title=\"Read SORTIDA AL COSMOCAIXA\">Llegeix m\u00e9s\u00bb<\/a><\/p>\n","protected":false},"author":25,"featured_media":0,"comment_status":"open","ping_status":"open","sticky":false,"template":"","format":"standard","meta":{"_bbp_topic_count":0,"_bbp_reply_count":0,"_bbp_total_topic_count":0,"_bbp_total_reply_count":0,"_bbp_voice_count":0,"_bbp_anonymous_reply_count":0,"_bbp_topic_count_hidden":0,"_bbp_reply_count_hidden":0,"_bbp_forum_subforum_count":0,"footnotes":""},"categories":[3],"tags":[],"class_list":["post-12322","post","type-post","status-publish","format-standard","hentry","category-infantil-3-anys"],"post_mailing_queue_ids":[],"_links":{"self":[{"href":"https:\/\/agora.xtec.cat\/ceipvistaalegre\/wp-json\/wp\/v2\/posts\/12322","targetHints":{"allow":["GET"]}}],"collection":[{"href":"https:\/\/agora.xtec.cat\/ceipvistaalegre\/wp-json\/wp\/v2\/posts"}],"about":[{"href":"https:\/\/agora.xtec.cat\/ceipvistaalegre\/wp-json\/wp\/v2\/types\/post"}],"author":[{"embeddable":true,"href":"https:\/\/agora.xtec.cat\/ceipvistaalegre\/wp-json\/wp\/v2\/users\/25"}],"replies":[{"embeddable":true,"href":"https:\/\/agora.xtec.cat\/ceipvistaalegre\/wp-json\/wp\/v2\/comments?post=12322"}],"version-history":[{"count":1,"href":"https:\/\/agora.xtec.cat\/ceipvistaalegre\/wp-json\/wp\/v2\/posts\/12322\/revisions"}],"predecessor-version":[{"id":12324,"href":"https:\/\/agora.xtec.cat\/ceipvistaalegre\/wp-json\/wp\/v2\/posts\/12322\/revisions\/12324"}],"wp:attachment":[{"href":"https:\/\/agora.xtec.cat\/ceipvistaalegre\/wp-json\/wp\/v2\/media?parent=12322"}],"wp:term":[{"taxonomy":"category","embeddable":true,"href":"https:\/\/agora.xtec.cat\/ceipvistaalegre\/wp-json\/wp\/v2\/categories?post=12322"},{"taxonomy":"post_tag","embeddable":true,"href":"https:\/\/agora.xtec.cat\/ceipvistaalegre\/wp-json\/wp\/v2\/tags?post=12322"}],"curies":[{"name":"wp","href":"https:\/\/api.w.org\/{rel}","templated":true}]}}