{"id":12319,"date":"2026-03-09T17:40:18","date_gmt":"2026-03-09T16:40:18","guid":{"rendered":"https:\/\/agora.xtec.cat\/ceipvistaalegre\/?p=12319"},"modified":"2026-03-09T17:40:18","modified_gmt":"2026-03-09T16:40:18","slug":"exposicio-gegantes","status":"publish","type":"post","link":"https:\/\/agora.xtec.cat\/ceipvistaalegre\/primaria\/6e\/exposicio-gegantes\/","title":{"rendered":"Exposici\u00f3 gegantes"},"content":{"rendered":"<p>Avui, els alumnes de sis\u00e8 hem fet una sortida molt especial a Matar\u00f3 per visitar una exposici\u00f3 de gegantes, organitzada amb motiu de la celebraci\u00f3 del dia de la Dona. Ha estat una experi\u00e8ncia molt interessant que ens ha perm\u00e8s con\u00e8ixer millor el m\u00f3n de la cultura popular catalana i, alhora, reflexionar sobre el paper de les dones al llarg de la hist\u00f2ria.<\/p>\n<p>Quan hem arribat a l&#8217;exposici\u00f3, hem pogut veure moltes gegantes diferents, cadascuna amb la seva hist\u00f2ria i significat. Algunes representaven dones importants de la hist\u00f2ria, altres simbolitzaven oficis tradicionals o personatges populars. Hem apr\u00e8s que, antigament, moltes figures representaven sobretot homes, per\u00f2 que amb el temps s&#8217;han anat incorporant m\u00e9s personatges femenins per donar visibilitat a les dones dins de la cultura i les tradicions.<\/p>\n<p><img loading=\"lazy\" decoding=\"async\" class=\"alignnone  wp-image-12320\" src=\"https:\/\/agora.xtec.cat\/ceipvistaalegre\/wp-content\/uploads\/usu1936\/2026\/03\/WhatsApp-Image-2026-03-09-at-17.20.45-768x1024.jpeg\" alt=\"\" width=\"325\" height=\"433\" srcset=\"https:\/\/agora.xtec.cat\/ceipvistaalegre\/wp-content\/uploads\/usu1936\/2026\/03\/WhatsApp-Image-2026-03-09-at-17.20.45-768x1024.jpeg 768w, https:\/\/agora.xtec.cat\/ceipvistaalegre\/wp-content\/uploads\/usu1936\/2026\/03\/WhatsApp-Image-2026-03-09-at-17.20.45-225x300.jpeg 225w, https:\/\/agora.xtec.cat\/ceipvistaalegre\/wp-content\/uploads\/usu1936\/2026\/03\/WhatsApp-Image-2026-03-09-at-17.20.45-1152x1536.jpeg 1152w, https:\/\/agora.xtec.cat\/ceipvistaalegre\/wp-content\/uploads\/usu1936\/2026\/03\/WhatsApp-Image-2026-03-09-at-17.20.45.jpeg 1200w\" sizes=\"auto, (max-width: 325px) 100vw, 325px\" \/><\/p>\n","protected":false},"excerpt":{"rendered":"<p>Avui, els alumnes de sis\u00e8 hem fet una sortida molt especial a Matar\u00f3 per visitar una exposici\u00f3 de gegantes, organitzada amb motiu de la celebraci\u00f3 del dia de la Dona. Ha estat una experi\u00e8ncia molt interessant que ens ha perm\u00e8s con\u00e8ixer millor el m\u00f3n de&hellip;  <a href=\"https:\/\/agora.xtec.cat\/ceipvistaalegre\/primaria\/6e\/exposicio-gegantes\/\" title=\"Read Exposici\u00f3 gegantes\">Llegeix m\u00e9s\u00bb<\/a><\/p>\n","protected":false},"author":18,"featured_media":0,"comment_status":"open","ping_status":"open","sticky":false,"template":"","format":"standard","meta":{"_bbp_topic_count":0,"_bbp_reply_count":0,"_bbp_total_topic_count":0,"_bbp_total_reply_count":0,"_bbp_voice_count":0,"_bbp_anonymous_reply_count":0,"_bbp_topic_count_hidden":0,"_bbp_reply_count_hidden":0,"_bbp_forum_subforum_count":0,"footnotes":""},"categories":[15],"tags":[],"class_list":["post-12319","post","type-post","status-publish","format-standard","hentry","category-6e"],"post_mailing_queue_ids":[],"_links":{"self":[{"href":"https:\/\/agora.xtec.cat\/ceipvistaalegre\/wp-json\/wp\/v2\/posts\/12319","targetHints":{"allow":["GET"]}}],"collection":[{"href":"https:\/\/agora.xtec.cat\/ceipvistaalegre\/wp-json\/wp\/v2\/posts"}],"about":[{"href":"https:\/\/agora.xtec.cat\/ceipvistaalegre\/wp-json\/wp\/v2\/types\/post"}],"author":[{"embeddable":true,"href":"https:\/\/agora.xtec.cat\/ceipvistaalegre\/wp-json\/wp\/v2\/users\/18"}],"replies":[{"embeddable":true,"href":"https:\/\/agora.xtec.cat\/ceipvistaalegre\/wp-json\/wp\/v2\/comments?post=12319"}],"version-history":[{"count":1,"href":"https:\/\/agora.xtec.cat\/ceipvistaalegre\/wp-json\/wp\/v2\/posts\/12319\/revisions"}],"predecessor-version":[{"id":12321,"href":"https:\/\/agora.xtec.cat\/ceipvistaalegre\/wp-json\/wp\/v2\/posts\/12319\/revisions\/12321"}],"wp:attachment":[{"href":"https:\/\/agora.xtec.cat\/ceipvistaalegre\/wp-json\/wp\/v2\/media?parent=12319"}],"wp:term":[{"taxonomy":"category","embeddable":true,"href":"https:\/\/agora.xtec.cat\/ceipvistaalegre\/wp-json\/wp\/v2\/categories?post=12319"},{"taxonomy":"post_tag","embeddable":true,"href":"https:\/\/agora.xtec.cat\/ceipvistaalegre\/wp-json\/wp\/v2\/tags?post=12319"}],"curies":[{"name":"wp","href":"https:\/\/api.w.org\/{rel}","templated":true}]}}